{"id":207703,"date":"2017-11-20T07:35:25","date_gmt":"2017-11-20T06:35:25","guid":{"rendered":"http:\/\/www.radioluna.it\/news\/?p=207703"},"modified":"2017-11-21T09:46:57","modified_gmt":"2017-11-21T08:46:57","slug":"cori-saluta-il-pittore-francesco-porcari","status":"publish","type":"post","link":"https:\/\/www.radioluna.it\/news\/2017\/11\/cori-saluta-il-pittore-francesco-porcari\/","title":{"rendered":"Cori saluta il pittore Francesco Porcari"},"content":{"rendered":"<div id=\"fb-root\"><\/div>\n<p style=\"text-align: justify;\"><img loading=\"lazy\" decoding=\"async\" class=\"aligncenter size-full wp-image-207704\" src=\"http:\/\/www.radioluna.it\/news\/wp-content\/uploads\/2017\/11\/francesco-porcari-nel-suo-studio.jpg\" alt=\"\" width=\"683\" height=\"646\" srcset=\"https:\/\/www.radioluna.it\/news\/wp-content\/uploads\/2017\/11\/francesco-porcari-nel-suo-studio.jpg 683w, https:\/\/www.radioluna.it\/news\/wp-content\/uploads\/2017\/11\/francesco-porcari-nel-suo-studio-300x284.jpg 300w, https:\/\/www.radioluna.it\/news\/wp-content\/uploads\/2017\/11\/francesco-porcari-nel-suo-studio-500x473.jpg 500w\" sizes=\"auto, (max-width: 683px) 100vw, 683px\" \/><strong>CORI<\/strong> &#8211;\u00a0\u00a0Cori piange la scomparsa del\u00a0Maestro Francesco Porcari, il pittore si \u00e8 spento ieri nella sua casa nella cittadina lepina dove era nato e vissuto per 79 anni. Aveva esposto i suoi lavori in Italia e nel mondo. &#8220;Con lui\u00a0\u2013 ha commentato il sindaco Mauro De Lillis &#8211;\u00a0Cori perde un pittore di rara sensibilit\u00e0, un artista puro, un uomo autentico. Egli ha segnato la vita culturale di questa citt\u00e0 e lascia dietro di s\u00e9 un solco indelebile\u201d.\u00a0\u00a0I\u00a0funerali si terranno luned\u00ec alle 15 nella chiesa dei Santi Pietro e Paolo. Saranno presenti il Sindaco e l\u2019Amministrazione tutta.<\/p>\n<p style=\"text-align: justify;\">CHI ERA &#8211;\u00a0Nato a Cori nel 1938,\u00a0Francesco Porcari \u00e8 una delle figure pi\u00f9 carismatiche che hanno fatto la storia culturale della sua citt\u00e0.\u00a0Diplomatosi presso il Liceo Artistico di Via di Ripetta a Roma, ha completato la sua formazione artistica frequentando l&#8217;Accademia di Belle Arti e specializzandosi nel settore scenografico.<\/p>\n<p style=\"text-align: justify;\">Il Maestro Francesco Porcari \u00e8\u00a0pittore riconosciuto ai livelli pi\u00f9 alti nel mondo dell\u2019arte contemporanea tanto che di lui hanno parlato i pi\u00f9 importanti critici d\u2019arte italiani come\u00a0Claudio\u00a0Strinati, Maurizio\u00a0Calvesi\u00a0e Maurizio\u00a0Marini, che fu anche suo caro amico.\u00a0\u00c8 stato accostato dalla critica recente alle correnti artistiche del &#8220;citazionismo&#8221; e del &#8220;neomanierismo&#8221;. Ma, pur essendo quella di Porcari un&#8217;arte popolata da elementi dell&#8217;antichit\u00e0 e della tradizione, \u00e8 &#8220;il legame profondo e imprescindibile tra il nostro Maestro e il luogo stesso del suo operare&#8221; che, secondo Claudio Strinati, impone che l&#8217;analisi della pittura del Porcari sia condotta in piena autonomia rispetto a queste correnti e agli altri artisti italiani contemporanei.<\/p>\n<p style=\"text-align: justify;\">Francesco Porcari ha\u00a0esposto in tutta Italia e all\u2019estero.\u00a0Le sue opere sono dislocate in collezioni private e spazi pubblici dalla Galleria Civica d\u2019Arte Moderna e Contemporanea di Latina al Museo di Monreale in Sicilia al Cathedral Museum di Malta al Comune di Pefki in Grecia.<\/p>\n<div class=\"radio-posizionamento-telefono-in-articoli-dopo-il-contenuto-articolo radio-entity-placement\" id=\"radio-3742552259\"><div id=\"radio-1899490384\"><a href=\"https:\/\/grupporedi.it\/\" aria-label=\"Redi-Qr\"><img loading=\"lazy\" decoding=\"async\" src=\"https:\/\/www.radioluna.it\/news\/wp-content\/uploads\/2026\/03\/Redi-Qr.jpg\" alt=\"\"  srcset=\"https:\/\/www.radioluna.it\/news\/wp-content\/uploads\/2026\/03\/Redi-Qr.jpg 800w, https:\/\/www.radioluna.it\/news\/wp-content\/uploads\/2026\/03\/Redi-Qr-768x639.jpg 768w\" sizes=\"(max-width: 800px) 100vw, 800px\" width=\"300\" height=\"250\"   \/><\/a><\/div><\/div>","protected":false},"excerpt":{"rendered":"<p>CORI &#8211;\u00a0\u00a0Cori piange la scomparsa del\u00a0Maestro Francesco Porcari, il pittore si \u00e8 spento ieri nella sua casa nella cittadina lepina dove era nato e vissuto per 79 anni. Aveva esposto i suoi lavori in Italia e nel mondo. &#8220;Con lui\u00a0\u2013 ha commentato il sindaco Mauro De Lillis &#8211;\u00a0Cori perde un pittore di rara sensibilit\u00e0, un [&hellip;]<\/p>\n","protected":false},"author":62,"featured_media":207717,"comment_status":"open","ping_status":"closed","sticky":false,"template":"","format":"standard","meta":{"footnotes":""},"categories":[735],"tags":[],"class_list":["post-207703","post","type-post","status-publish","format-standard","has-post-thumbnail","hentry","category-attualita"],"_links":{"self":[{"href":"https:\/\/www.radioluna.it\/news\/wp-json\/wp\/v2\/posts\/207703","targetHints":{"allow":["GET"]}}],"collection":[{"href":"https:\/\/www.radioluna.it\/news\/wp-json\/wp\/v2\/posts"}],"about":[{"href":"https:\/\/www.radioluna.it\/news\/wp-json\/wp\/v2\/types\/post"}],"author":[{"embeddable":true,"href":"https:\/\/www.radioluna.it\/news\/wp-json\/wp\/v2\/users\/62"}],"replies":[{"embeddable":true,"href":"https:\/\/www.radioluna.it\/news\/wp-json\/wp\/v2\/comments?post=207703"}],"version-history":[{"count":0,"href":"https:\/\/www.radioluna.it\/news\/wp-json\/wp\/v2\/posts\/207703\/revisions"}],"wp:featuredmedia":[{"embeddable":true,"href":"https:\/\/www.radioluna.it\/news\/wp-json\/wp\/v2\/media\/207717"}],"wp:attachment":[{"href":"https:\/\/www.radioluna.it\/news\/wp-json\/wp\/v2\/media?parent=207703"}],"wp:term":[{"taxonomy":"category","embeddable":true,"href":"https:\/\/www.radioluna.it\/news\/wp-json\/wp\/v2\/categories?post=207703"},{"taxonomy":"post_tag","embeddable":true,"href":"https:\/\/www.radioluna.it\/news\/wp-json\/wp\/v2\/tags?post=207703"}],"curies":[{"name":"wp","href":"https:\/\/api.w.org\/{rel}","templated":true}]}}