{"id":207928,"date":"2017-11-22T17:09:37","date_gmt":"2017-11-22T16:09:37","guid":{"rendered":"http:\/\/www.radioluna.it\/news\/?p=207928"},"modified":"2017-11-22T18:31:48","modified_gmt":"2017-11-22T17:31:48","slug":"il-latina-scioglie-la-riserva-mister-chiappini-puo-restare","status":"publish","type":"post","link":"https:\/\/www.radioluna.it\/news\/2017\/11\/il-latina-scioglie-la-riserva-mister-chiappini-puo-restare\/","title":{"rendered":"Il Latina scioglie la riserva: mister Chiappini pu\u00f2 restare"},"content":{"rendered":"<div id=\"fb-root\"><\/div>\n<div id=\"attachment_197658\" style=\"width: 699px\" class=\"wp-caption aligncenter\"><img loading=\"lazy\" decoding=\"async\" aria-describedby=\"caption-attachment-197658\" class=\"size-thumbnail wp-image-197658\" src=\"http:\/\/www.radioluna.it\/news\/wp-content\/uploads\/2017\/09\/chiappini-689x460.jpg\" alt=\"\" width=\"689\" height=\"460\" srcset=\"https:\/\/www.radioluna.it\/news\/wp-content\/uploads\/2017\/09\/chiappini-689x460.jpg 689w, https:\/\/www.radioluna.it\/news\/wp-content\/uploads\/2017\/09\/chiappini-300x200.jpg 300w, https:\/\/www.radioluna.it\/news\/wp-content\/uploads\/2017\/09\/chiappini-768x512.jpg 768w, https:\/\/www.radioluna.it\/news\/wp-content\/uploads\/2017\/09\/chiappini-800x534.jpg 800w, https:\/\/www.radioluna.it\/news\/wp-content\/uploads\/2017\/09\/chiappini.jpg 1000w\" sizes=\"auto, (max-width: 689px) 100vw, 689px\" \/><p id=\"caption-attachment-197658\" class=\"wp-caption-text\">LATINA CALCIO 1932 &#8211; Conferenza Mister Chiappini &#8211; FOTO: PAOLA LIBRALATO<\/p><\/div>\n<p style=\"text-align: justify;\"><strong>LATINA<\/strong> &#8211; E&#8217; arrivata la riconferma per il tecnico del Latina Andrea Chiappini. &#8220;I progetti ed i programmi anche nel calcio si giudicano a medio e lungo termine e non certo dalle emozioni del momento o prendendo decisioni affrettate&#8221;. Lo afferma in una nota il Latina Calcio 1932 dopo 48 ore di analisi e confronto con lo spogliatoio, la dirigenza e gli organismi societari. A rompere il silenzio stampa \u00e8 il Presidente Terracciano che in una nota spiega: \u201cSiamo fermamente convinti che un buon piazzamento in classifica \u00e8 esattamente l\u2019obiettivo che ci eravamo dati e l\u2019attuale posizione dimostra come ci si sta muovendo coerentemente con i programmi ed i progetti della societ\u00e0, costituita per riportare il calcio che conta nel nostro territorio. Il nostro progetto \u00e8 a medio e lungo termine e il nostro obiettivo \u00e8 quello di occupare alla fine della stagione le prime posizioni della classifica. Se riuscissimo a vincere il campionato per noi significherebbe aver raggiunto un risultato eccezionale, non previsto nel nostro primo anno di attivit\u00e0 e al di sopra di ogni pi\u00f9 rosea aspettativa. Siamo ad otto lunghezze dalla seconda in classifica e solamente a quattro punti dalle terze tra cui il Trastevere che incontreremo in casa il prossimo 3 dicembre. Pensare di fare meglio di Rieti che ha messo in campo una squadra consolidata che gioca insieme da tre anni \u00e8 quasi impensabile. La nostra stagione calcistica, comunque, si concluder\u00e0 tra 21 gare e, quindi, manca ancora tanto alla fine del campionato e tutto ancora \u00e8 da decidere. Proprio per questo guarderemo al mercato di dicembre per dare una maggiore consistenza e per rinforzare alcuni reparti della nostra squadra\u201d.<br \/>\n<strong>L&#8217;OK DEI GIOCATORI<\/strong> &#8211; La decisione della societ\u00e0 sportiva arriva dopo che anche lo spogliatoio ha dato il suo ok:\u00a0 \u201cAbbiamo parlato con i giocatori singolarmente e in gruppo e non sono pervenute discriminanti circa l\u2019attuale tecnico \u2013 ha concluso Terracciano &#8211; Anzi tutti hanno rinnovato la fiducia per il lavoro fin qui svolto e pertanto non esistono le ragioni per un suo eventuale esonero. Abbiamo rinnovato la fiducia al tecnico perch\u00e9 quanto fin qui fatto rispecchia i nostri progetti e programmi\u201d.<\/p>\n","protected":false},"excerpt":{"rendered":"<p>LATINA &#8211; E&#8217; arrivata la riconferma per il tecnico del Latina Andrea Chiappini. &#8220;I progetti ed i programmi anche nel calcio si giudicano a medio e lungo termine e non certo dalle emozioni del momento o prendendo decisioni affrettate&#8221;. Lo afferma in una nota il Latina Calcio 1932 dopo 48 ore di analisi e confronto [&hellip;]<\/p>\n","protected":false},"author":62,"featured_media":197658,"comment_status":"open","ping_status":"closed","sticky":false,"template":"","format":"standard","meta":{"footnotes":""},"categories":[17],"tags":[],"class_list":["post-207928","post","type-post","status-publish","format-standard","has-post-thumbnail","hentry","category-sport"],"_links":{"self":[{"href":"https:\/\/www.radioluna.it\/news\/wp-json\/wp\/v2\/posts\/207928","targetHints":{"allow":["GET"]}}],"collection":[{"href":"https:\/\/www.radioluna.it\/news\/wp-json\/wp\/v2\/posts"}],"about":[{"href":"https:\/\/www.radioluna.it\/news\/wp-json\/wp\/v2\/types\/post"}],"author":[{"embeddable":true,"href":"https:\/\/www.radioluna.it\/news\/wp-json\/wp\/v2\/users\/62"}],"replies":[{"embeddable":true,"href":"https:\/\/www.radioluna.it\/news\/wp-json\/wp\/v2\/comments?post=207928"}],"version-history":[{"count":0,"href":"https:\/\/www.radioluna.it\/news\/wp-json\/wp\/v2\/posts\/207928\/revisions"}],"wp:featuredmedia":[{"embeddable":true,"href":"https:\/\/www.radioluna.it\/news\/wp-json\/wp\/v2\/media\/197658"}],"wp:attachment":[{"href":"https:\/\/www.radioluna.it\/news\/wp-json\/wp\/v2\/media?parent=207928"}],"wp:term":[{"taxonomy":"category","embeddable":true,"href":"https:\/\/www.radioluna.it\/news\/wp-json\/wp\/v2\/categories?post=207928"},{"taxonomy":"post_tag","embeddable":true,"href":"https:\/\/www.radioluna.it\/news\/wp-json\/wp\/v2\/tags?post=207928"}],"curies":[{"name":"wp","href":"https:\/\/api.w.org\/{rel}","templated":true}]}}