{"id":208193,"date":"2017-11-25T14:27:29","date_gmt":"2017-11-25T13:27:29","guid":{"rendered":"http:\/\/www.radioluna.it\/news\/?p=208193"},"modified":"2017-11-25T14:27:29","modified_gmt":"2017-11-25T13:27:29","slug":"calcio-il-latina-in-trasferta-ad-anzio-alla-ricerca-di-una-vittoria","status":"publish","type":"post","link":"https:\/\/www.radioluna.it\/news\/2017\/11\/calcio-il-latina-in-trasferta-ad-anzio-alla-ricerca-di-una-vittoria\/","title":{"rendered":"Calcio, il Latina in trasferta ad Anzio alla ricerca di una vittoria"},"content":{"rendered":"<div id=\"fb-root\"><\/div>\n<p><img loading=\"lazy\" decoding=\"async\" class=\"aligncenter size-thumbnail wp-image-158678\" src=\"http:\/\/www.radioluna.it\/news\/wp-content\/uploads\/2014\/12\/generica-di-calcio-al-Francioni-tiro-dallangolo-635x476.jpg\" alt=\"\" width=\"635\" height=\"476\" srcset=\"https:\/\/www.radioluna.it\/news\/wp-content\/uploads\/2014\/12\/generica-di-calcio-al-Francioni-tiro-dallangolo-635x476.jpg 635w, https:\/\/www.radioluna.it\/news\/wp-content\/uploads\/2014\/12\/generica-di-calcio-al-Francioni-tiro-dallangolo-768x576.jpg 768w, https:\/\/www.radioluna.it\/news\/wp-content\/uploads\/2014\/12\/generica-di-calcio-al-Francioni-tiro-dallangolo-500x375.jpg 500w, https:\/\/www.radioluna.it\/news\/wp-content\/uploads\/2014\/12\/generica-di-calcio-al-Francioni-tiro-dallangolo-300x225.jpg 300w, https:\/\/www.radioluna.it\/news\/wp-content\/uploads\/2014\/12\/generica-di-calcio-al-Francioni-tiro-dallangolo-1024x768.jpg 1024w, https:\/\/www.radioluna.it\/news\/wp-content\/uploads\/2014\/12\/generica-di-calcio-al-Francioni-tiro-dallangolo-800x600.jpg 800w, https:\/\/www.radioluna.it\/news\/wp-content\/uploads\/2014\/12\/generica-di-calcio-al-Francioni-tiro-dallangolo.jpg 1000w\" sizes=\"auto, (max-width: 635px) 100vw, 635px\" \/><\/p>\n<p style=\"text-align: justify;\"><strong>LATINA-<\/strong> Dopo il deludente pareggio con il Lanusei domani pomeriggio (14,30) il Latina sar\u00e0 di scena al Bruschini di Anzio e la squadra allenata da Chiappini ha l&#8217;obbligo di centrare una vittoria. Gli strascichi del pari contro i sardi di domenica scorsa al Francioni, hanno lasciato il segno. Hanno salutato il Latina Rabbeni autore di cinque reti, e poi il difensore Romeo. Anche De Francesco e poi Belvisi e Tomesi non rientrano pi\u00f9 nei programmi della societ\u00e0 che ha confermato la fiducia al tecnico pontino. Il Latina \u00e8 distante 11 punti dalla vetta della classifica dove c&#8217;\u00e8 il Rieti a quota 33 punti e il successo manca da oltre un mese.\u00a0 La gara di domani sar\u00e0 diretta da Petrella di Viterbo e l&#8217;ultimo precedente in Coppa Italia dello scorso agosto \u00e8 incoraggiante per il Latina che espugn\u00f2 il Bruschini.<\/p>\n<p style=\"text-align: justify;\">\n<p>&nbsp;<\/p>\n<p>&nbsp;<\/p>\n","protected":false},"excerpt":{"rendered":"<p>LATINA- Dopo il deludente pareggio con il Lanusei domani pomeriggio (14,30) il Latina sar\u00e0 di scena al Bruschini di Anzio e la squadra allenata da Chiappini ha l&#8217;obbligo di centrare una vittoria. Gli strascichi del pari contro i sardi di domenica scorsa al Francioni, hanno lasciato il segno. Hanno salutato il Latina Rabbeni autore di [&hellip;]<\/p>\n","protected":false},"author":60,"featured_media":158678,"comment_status":"open","ping_status":"closed","sticky":false,"template":"","format":"standard","meta":{"footnotes":""},"categories":[17],"tags":[],"class_list":["post-208193","post","type-post","status-publish","format-standard","has-post-thumbnail","hentry","category-sport"],"_links":{"self":[{"href":"https:\/\/www.radioluna.it\/news\/wp-json\/wp\/v2\/posts\/208193","targetHints":{"allow":["GET"]}}],"collection":[{"href":"https:\/\/www.radioluna.it\/news\/wp-json\/wp\/v2\/posts"}],"about":[{"href":"https:\/\/www.radioluna.it\/news\/wp-json\/wp\/v2\/types\/post"}],"author":[{"embeddable":true,"href":"https:\/\/www.radioluna.it\/news\/wp-json\/wp\/v2\/users\/60"}],"replies":[{"embeddable":true,"href":"https:\/\/www.radioluna.it\/news\/wp-json\/wp\/v2\/comments?post=208193"}],"version-history":[{"count":0,"href":"https:\/\/www.radioluna.it\/news\/wp-json\/wp\/v2\/posts\/208193\/revisions"}],"wp:featuredmedia":[{"embeddable":true,"href":"https:\/\/www.radioluna.it\/news\/wp-json\/wp\/v2\/media\/158678"}],"wp:attachment":[{"href":"https:\/\/www.radioluna.it\/news\/wp-json\/wp\/v2\/media?parent=208193"}],"wp:term":[{"taxonomy":"category","embeddable":true,"href":"https:\/\/www.radioluna.it\/news\/wp-json\/wp\/v2\/categories?post=208193"},{"taxonomy":"post_tag","embeddable":true,"href":"https:\/\/www.radioluna.it\/news\/wp-json\/wp\/v2\/tags?post=208193"}],"curies":[{"name":"wp","href":"https:\/\/api.w.org\/{rel}","templated":true}]}}