{"id":208195,"date":"2017-11-25T16:00:28","date_gmt":"2017-11-25T15:00:28","guid":{"rendered":"http:\/\/www.radioluna.it\/news\/?p=208195"},"modified":"2017-11-27T07:06:46","modified_gmt":"2017-11-27T06:06:46","slug":"aprilia-uomo-accoltellato-alladdome-e-gravissimo","status":"publish","type":"post","link":"https:\/\/www.radioluna.it\/news\/2017\/11\/aprilia-uomo-accoltellato-alladdome-e-gravissimo\/","title":{"rendered":"Aprilia, uomo accoltellato all&#8217;addome: fermato l&#8217;autore \u00e8 un minore"},"content":{"rendered":"<div id=\"fb-root\"><\/div>\n<p><img loading=\"lazy\" decoding=\"async\" class=\"aligncenter size-thumbnail wp-image-158677\" src=\"http:\/\/www.radioluna.it\/news\/wp-content\/uploads\/2014\/12\/elicottero-118-in-decollo-dal-goretti-635x476.jpg\" alt=\"\" width=\"635\" height=\"476\" srcset=\"https:\/\/www.radioluna.it\/news\/wp-content\/uploads\/2014\/12\/elicottero-118-in-decollo-dal-goretti-635x476.jpg 635w, https:\/\/www.radioluna.it\/news\/wp-content\/uploads\/2014\/12\/elicottero-118-in-decollo-dal-goretti-768x576.jpg 768w, https:\/\/www.radioluna.it\/news\/wp-content\/uploads\/2014\/12\/elicottero-118-in-decollo-dal-goretti-500x375.jpg 500w, https:\/\/www.radioluna.it\/news\/wp-content\/uploads\/2014\/12\/elicottero-118-in-decollo-dal-goretti-300x225.jpg 300w, https:\/\/www.radioluna.it\/news\/wp-content\/uploads\/2014\/12\/elicottero-118-in-decollo-dal-goretti-1024x768.jpg 1024w, https:\/\/www.radioluna.it\/news\/wp-content\/uploads\/2014\/12\/elicottero-118-in-decollo-dal-goretti-800x600.jpg 800w, https:\/\/www.radioluna.it\/news\/wp-content\/uploads\/2014\/12\/elicottero-118-in-decollo-dal-goretti.jpg 1000w\" sizes=\"auto, (max-width: 635px) 100vw, 635px\" \/><\/p>\n<p style=\"text-align: justify;\"><strong>APRILIA &#8211;<\/strong> Una discussione \u00e8 finita a coltellate. E&#8217; successo a Campo di Carne, vicino Aprilia in via del Genio Civile. Alcuni residenti della zona hanno dato l&#8217;allarme dopo che hanno sentito delle richieste di aiuto provenire dalla strada. La persona ferita, si tratta di un uomo di 47 anni di origine romena,\u00a0 \u00e8 stata trasportata in gravi condizioni al Santa Maria Goretti di Latina e in base ai primi riscontri ha riportato diverse lesioni all&#8217;addome. I carabinieri hanno identificato l&#8217;autore \u00e8 un minore ed \u00e8 di origine romena, \u00e8 stato fermato per tentato omicidio, subito dopo l&#8217;aggressione sono stati acquisiti i filmati di alcune telecamere che si trovano nella zona e che hanno permesso di risalire al giovane.<\/p>\n<p>&nbsp;<\/p>\n","protected":false},"excerpt":{"rendered":"<p>APRILIA &#8211; Una discussione \u00e8 finita a coltellate. E&#8217; successo a Campo di Carne, vicino Aprilia in via del Genio Civile. Alcuni residenti della zona hanno dato l&#8217;allarme dopo che hanno sentito delle richieste di aiuto provenire dalla strada. La persona ferita, si tratta di un uomo di 47 anni di origine romena,\u00a0 \u00e8 stata [&hellip;]<\/p>\n","protected":false},"author":60,"featured_media":109384,"comment_status":"open","ping_status":"closed","sticky":false,"template":"","format":"standard","meta":{"footnotes":""},"categories":[7],"tags":[],"class_list":["post-208195","post","type-post","status-publish","format-standard","has-post-thumbnail","hentry","category-cronaca"],"_links":{"self":[{"href":"https:\/\/www.radioluna.it\/news\/wp-json\/wp\/v2\/posts\/208195","targetHints":{"allow":["GET"]}}],"collection":[{"href":"https:\/\/www.radioluna.it\/news\/wp-json\/wp\/v2\/posts"}],"about":[{"href":"https:\/\/www.radioluna.it\/news\/wp-json\/wp\/v2\/types\/post"}],"author":[{"embeddable":true,"href":"https:\/\/www.radioluna.it\/news\/wp-json\/wp\/v2\/users\/60"}],"replies":[{"embeddable":true,"href":"https:\/\/www.radioluna.it\/news\/wp-json\/wp\/v2\/comments?post=208195"}],"version-history":[{"count":0,"href":"https:\/\/www.radioluna.it\/news\/wp-json\/wp\/v2\/posts\/208195\/revisions"}],"wp:featuredmedia":[{"embeddable":true,"href":"https:\/\/www.radioluna.it\/news\/wp-json\/wp\/v2\/media\/109384"}],"wp:attachment":[{"href":"https:\/\/www.radioluna.it\/news\/wp-json\/wp\/v2\/media?parent=208195"}],"wp:term":[{"taxonomy":"category","embeddable":true,"href":"https:\/\/www.radioluna.it\/news\/wp-json\/wp\/v2\/categories?post=208195"},{"taxonomy":"post_tag","embeddable":true,"href":"https:\/\/www.radioluna.it\/news\/wp-json\/wp\/v2\/tags?post=208195"}],"curies":[{"name":"wp","href":"https:\/\/api.w.org\/{rel}","templated":true}]}}