{"id":208244,"date":"2017-11-27T12:55:16","date_gmt":"2017-11-27T11:55:16","guid":{"rendered":"http:\/\/www.radioluna.it\/news\/?p=208244"},"modified":"2017-11-27T12:55:16","modified_gmt":"2017-11-27T11:55:16","slug":"piscina-open-ultima-chiamata-nuova-riunione-in-comune","status":"publish","type":"post","link":"https:\/\/www.radioluna.it\/news\/2017\/11\/piscina-open-ultima-chiamata-nuova-riunione-in-comune\/","title":{"rendered":"Piscina open, ultima chiamata. Nuova riunione in Comune"},"content":{"rendered":"<div id=\"fb-root\"><\/div>\n<p style=\"text-align: justify;\"><strong><img loading=\"lazy\" decoding=\"async\" class=\"aligncenter size-thumbnail wp-image-160705\" src=\"http:\/\/www.radioluna.it\/news\/wp-content\/uploads\/2015\/02\/piscina_scoperta-2-635x476.jpg\" alt=\"\" width=\"635\" height=\"476\" srcset=\"https:\/\/www.radioluna.it\/news\/wp-content\/uploads\/2015\/02\/piscina_scoperta-2-635x476.jpg 635w, https:\/\/www.radioluna.it\/news\/wp-content\/uploads\/2015\/02\/piscina_scoperta-2-768x576.jpg 768w, https:\/\/www.radioluna.it\/news\/wp-content\/uploads\/2015\/02\/piscina_scoperta-2-500x375.jpg 500w, https:\/\/www.radioluna.it\/news\/wp-content\/uploads\/2015\/02\/piscina_scoperta-2-300x225.jpg 300w, https:\/\/www.radioluna.it\/news\/wp-content\/uploads\/2015\/02\/piscina_scoperta-2-800x600.jpg 800w, https:\/\/www.radioluna.it\/news\/wp-content\/uploads\/2015\/02\/piscina_scoperta-2.jpg 853w\" sizes=\"auto, (max-width: 635px) 100vw, 635px\" \/>LATINA\u00a0<\/strong> &#8211;\u00a0 Resta affidata ad un incontro in programma nel pomeriggio di oggi, non certo il primo, la trattativa sulla riapertura della piscina Open del palazzetto dello sport di Latina. Si incontreranno le societ\u00e0 pallannuotistiche che si sono offerte di sostenere i costi di gestione pur di peregrinare per allenamenti e partite tra gli impianti di tutta la regione; il concessionario che deve dare il via libera all&#8217;accordo e deve fisicamente aprire l&#8217;impianto; l&#8217;assessore al bilancio Giulio Capirci, che sulla base dei conteggi fatti dall&#8217;energy manager ha fissato la cifra mecessaria a coprire i consumi stuimati soprattutto per il riscaldamento dell&#8217;acqua; e infine, i legali di tutte le parti in causa. Obiettivo,\u00a0 \u00a0tentare di risolvere le ultime questioni rimaste sul campo.<\/p>\n<p style=\"text-align: justify;\">Le societ\u00e0 dal canto loro si sono date tempo fino al 1 dicembre per attender la riapertura. Dopo quella data scatter\u00e0 la protesta con una manifestazione pacifica che coinvolger\u00e0 tutto il movimento della pallanuoto.<\/p>\n<div class=\"radio-posizionamento-telefono-in-articoli-dopo-il-contenuto-articolo radio-entity-placement\" id=\"radio-1527498019\"><div id=\"radio-4048515233\"><a href=\"https:\/\/www.simeoneceramiche.com\/\" aria-label=\"SIMEONE CERAMICHE GIF animata per radioluna_Tavola disegno 1 copia 2 (online-video-cutter.com)\"><img loading=\"lazy\" decoding=\"async\" src=\"https:\/\/www.radioluna.it\/news\/wp-content\/uploads\/2025\/05\/SIMEONE-CERAMICHE-GIF-animata-per-radioluna_Tavola-disegno-1-copia-2-online-video-cutter.com_.gif\" alt=\"\"  width=\"300\" height=\"250\"   \/><\/a><\/div><\/div>","protected":false},"excerpt":{"rendered":"<p>LATINA\u00a0 &#8211;\u00a0 Resta affidata ad un incontro in programma nel pomeriggio di oggi, non certo il primo, la trattativa sulla riapertura della piscina Open del palazzetto dello sport di Latina. Si incontreranno le societ\u00e0 pallannuotistiche che si sono offerte di sostenere i costi di gestione pur di peregrinare per allenamenti e partite tra gli impianti [&hellip;]<\/p>\n","protected":false},"author":62,"featured_media":160705,"comment_status":"open","ping_status":"closed","sticky":false,"template":"","format":"standard","meta":{"footnotes":""},"categories":[7],"tags":[],"class_list":["post-208244","post","type-post","status-publish","format-standard","has-post-thumbnail","hentry","category-cronaca"],"_links":{"self":[{"href":"https:\/\/www.radioluna.it\/news\/wp-json\/wp\/v2\/posts\/208244","targetHints":{"allow":["GET"]}}],"collection":[{"href":"https:\/\/www.radioluna.it\/news\/wp-json\/wp\/v2\/posts"}],"about":[{"href":"https:\/\/www.radioluna.it\/news\/wp-json\/wp\/v2\/types\/post"}],"author":[{"embeddable":true,"href":"https:\/\/www.radioluna.it\/news\/wp-json\/wp\/v2\/users\/62"}],"replies":[{"embeddable":true,"href":"https:\/\/www.radioluna.it\/news\/wp-json\/wp\/v2\/comments?post=208244"}],"version-history":[{"count":0,"href":"https:\/\/www.radioluna.it\/news\/wp-json\/wp\/v2\/posts\/208244\/revisions"}],"wp:featuredmedia":[{"embeddable":true,"href":"https:\/\/www.radioluna.it\/news\/wp-json\/wp\/v2\/media\/160705"}],"wp:attachment":[{"href":"https:\/\/www.radioluna.it\/news\/wp-json\/wp\/v2\/media?parent=208244"}],"wp:term":[{"taxonomy":"category","embeddable":true,"href":"https:\/\/www.radioluna.it\/news\/wp-json\/wp\/v2\/categories?post=208244"},{"taxonomy":"post_tag","embeddable":true,"href":"https:\/\/www.radioluna.it\/news\/wp-json\/wp\/v2\/tags?post=208244"}],"curies":[{"name":"wp","href":"https:\/\/api.w.org\/{rel}","templated":true}]}}