{"id":208246,"date":"2017-11-27T13:15:17","date_gmt":"2017-11-27T12:15:17","guid":{"rendered":"http:\/\/www.radioluna.it\/news\/?p=208246"},"modified":"2017-11-27T13:15:17","modified_gmt":"2017-11-27T12:15:17","slug":"a-ninfa-eletto-il-nuovo-presidente-della-fondazione-caetani","status":"publish","type":"post","link":"https:\/\/www.radioluna.it\/news\/2017\/11\/a-ninfa-eletto-il-nuovo-presidente-della-fondazione-caetani\/","title":{"rendered":"A Ninfa eletto il nuovo presidente della Fondazione Caetani"},"content":{"rendered":"<div id=\"fb-root\"><\/div>\n<div id=\"attachment_182877\" style=\"width: 639px\" class=\"wp-caption aligncenter\"><img loading=\"lazy\" decoding=\"async\" aria-describedby=\"caption-attachment-182877\" class=\"wp-image-182877 size-full\" src=\"http:\/\/www.radioluna.it\/news\/wp-content\/uploads\/2016\/09\/ninfa-in-autunno.jpg\" alt=\"\" width=\"629\" height=\"327\" srcset=\"https:\/\/www.radioluna.it\/news\/wp-content\/uploads\/2016\/09\/ninfa-in-autunno.jpg 629w, https:\/\/www.radioluna.it\/news\/wp-content\/uploads\/2016\/09\/ninfa-in-autunno-300x156.jpg 300w\" sizes=\"auto, (max-width: 629px) 100vw, 629px\" \/><p id=\"caption-attachment-182877\" class=\"wp-caption-text\">Uno scorcio del Giardino di Ninfa in autunno<\/p><\/div>\n<p style=\"text-align: justify;\"><strong>LATINA<\/strong> &#8211;\u00a0 Cambio al vertice della Fondazione Roffredo Caetani. Il Consiglio Generale che si \u00e8 riunito a Ninfa ha scelto venerd\u00ec 24 novembre il nuovo Presidente che amministrer\u00e0 la Fondazione nel quinquennio 2018-2022. E&#8217; l\u2019architetto Tommaso Agnoni, consigliere della Fondazione dal 2010 e vice Presidente dal 2013, che subentra al Presidente uscente Pier Giacomo Sottoriva, giunto alla scadenza del suo mandato quinquennale dal 2013 al 2017. Nel Consiglio Generale della Fondazione siedono i rappresentanti delle istituzioni, della altre due Fondazioni create dai membri della Casata, intitolate a Camillo e Leone Caetani, organizzazioni che si occupano di protezione dell&#8217;ambiente e di cura e conservazione dei beni culturali<\/p>\n<p style=\"text-align: justify;\">Tommaso Agnoni assumer\u00e0 l\u2019incarico di Presidente dal 1\u00b0 gennaio 2018, cos\u00ec come previsto dallo Statuto.<\/p>\n<div class=\"radio-posizionamento-telefono-in-articoli-dopo-il-contenuto-articolo radio-entity-placement\" id=\"radio-953785864\"><div id=\"radio-13178977\"><a href=\"https:\/\/grupporedi.it\/\" aria-label=\"Redi-Qr\"><img loading=\"lazy\" decoding=\"async\" src=\"https:\/\/www.radioluna.it\/news\/wp-content\/uploads\/2026\/03\/Redi-Qr.jpg\" alt=\"\"  srcset=\"https:\/\/www.radioluna.it\/news\/wp-content\/uploads\/2026\/03\/Redi-Qr.jpg 800w, https:\/\/www.radioluna.it\/news\/wp-content\/uploads\/2026\/03\/Redi-Qr-768x639.jpg 768w\" sizes=\"(max-width: 800px) 100vw, 800px\" width=\"300\" height=\"250\"   \/><\/a><\/div><\/div>","protected":false},"excerpt":{"rendered":"<p>LATINA &#8211;\u00a0 Cambio al vertice della Fondazione Roffredo Caetani. Il Consiglio Generale che si \u00e8 riunito a Ninfa ha scelto venerd\u00ec 24 novembre il nuovo Presidente che amministrer\u00e0 la Fondazione nel quinquennio 2018-2022. E&#8217; l\u2019architetto Tommaso Agnoni, consigliere della Fondazione dal 2010 e vice Presidente dal 2013, che subentra al Presidente uscente Pier Giacomo Sottoriva, [&hellip;]<\/p>\n","protected":false},"author":60,"featured_media":182877,"comment_status":"open","ping_status":"closed","sticky":false,"template":"","format":"standard","meta":{"footnotes":""},"categories":[12],"tags":[],"class_list":["post-208246","post","type-post","status-publish","format-standard","has-post-thumbnail","hentry","category-ambiente"],"_links":{"self":[{"href":"https:\/\/www.radioluna.it\/news\/wp-json\/wp\/v2\/posts\/208246","targetHints":{"allow":["GET"]}}],"collection":[{"href":"https:\/\/www.radioluna.it\/news\/wp-json\/wp\/v2\/posts"}],"about":[{"href":"https:\/\/www.radioluna.it\/news\/wp-json\/wp\/v2\/types\/post"}],"author":[{"embeddable":true,"href":"https:\/\/www.radioluna.it\/news\/wp-json\/wp\/v2\/users\/60"}],"replies":[{"embeddable":true,"href":"https:\/\/www.radioluna.it\/news\/wp-json\/wp\/v2\/comments?post=208246"}],"version-history":[{"count":0,"href":"https:\/\/www.radioluna.it\/news\/wp-json\/wp\/v2\/posts\/208246\/revisions"}],"wp:featuredmedia":[{"embeddable":true,"href":"https:\/\/www.radioluna.it\/news\/wp-json\/wp\/v2\/media\/182877"}],"wp:attachment":[{"href":"https:\/\/www.radioluna.it\/news\/wp-json\/wp\/v2\/media?parent=208246"}],"wp:term":[{"taxonomy":"category","embeddable":true,"href":"https:\/\/www.radioluna.it\/news\/wp-json\/wp\/v2\/categories?post=208246"},{"taxonomy":"post_tag","embeddable":true,"href":"https:\/\/www.radioluna.it\/news\/wp-json\/wp\/v2\/tags?post=208246"}],"curies":[{"name":"wp","href":"https:\/\/api.w.org\/{rel}","templated":true}]}}