{"id":208269,"date":"2017-11-27T18:42:48","date_gmt":"2017-11-27T17:42:48","guid":{"rendered":"http:\/\/www.radioluna.it\/news\/?p=208269"},"modified":"2017-11-27T18:42:48","modified_gmt":"2017-11-27T17:42:48","slug":"il-vescovo-mariano-crociata-ha-ordinato-due-nuovi-diaconi","status":"publish","type":"post","link":"https:\/\/www.radioluna.it\/news\/2017\/11\/il-vescovo-mariano-crociata-ha-ordinato-due-nuovi-diaconi\/","title":{"rendered":"Il Vescovo Mariano Crociata ha ordinato due nuovi Diaconi"},"content":{"rendered":"<div id=\"fb-root\"><\/div>\n<p style=\"text-align: justify;\"><strong><a href=\"http:\/\/www.radioluna.it\/news\/wp-content\/uploads\/2017\/11\/20171126-ordinazione-diaconi-Castellucci-Marchetti-02.jpg\"><img loading=\"lazy\" decoding=\"async\" class=\"aligncenter size-thumbnail wp-image-208270\" src=\"http:\/\/www.radioluna.it\/news\/wp-content\/uploads\/2017\/11\/20171126-ordinazione-diaconi-Castellucci-Marchetti-02-689x919.jpg\" alt=\"\" width=\"689\" height=\"919\" \/><\/a>LATINA<\/strong> &#8211; Nella cattedrale di San Marco di Latina, il vescovo Mariano Crociata ha ordinato due nuovi diaconi permanenti per la diocesi pontina: Angelo Castellucci e Walter Marchetti. I novelli ordinati sono entrambi coniugati e con figli. Angelo Castellucci, 40 anni, proviene dalla parrocchia di San Francesco d\u2019Assisi di Cisterna. Qui \u00e8 stato sempre impegnato in vari servizi pastorali, specialmente nell\u2019ambito catechetico. \u00c8 responsabile tecnico in una multinazionale che opera nel settore sanitario. Walter Marchetti, 61 anni, ufficiale dell\u2019Esercito da poco in congedo per limiti d\u2019et\u00e0, \u00e8 di Latina. La sua vocazione diaconale \u00e8 nata, cresciuta e maturata in ambito salesiano, nella parrocchia di San Marco a Latina. Con loro due il collegio diaconale pontino sar\u00e0 composto da 23 diaconi, tutti permanenti.<\/p>\n<p style=\"text-align: justify;\">Nel corso della sua omelia, Crociata ha ricordato che \u00abil messaggio racchiuso nell\u2019ordinazione di due nuovi diaconi permanenti interessa, senza timore di esagerare, la vita degli uomini di oggi e interpella tutti noi credenti\u00bb. Inoltre, \u00abil messaggio che viene, dunque, dall\u2019ordinazione diaconale ci parla anche della regalit\u00e0 di Cristo e del cristiano. Perch\u00e9 per Cristo e per i suoi discepoli regnare vuol dire non comandare e spadroneggiare, ma servire. Cristo \u00e8 re sulla croce e dalla croce, il punto supremo della sua vita di dedizione e di servizio agli altri che si compie, prima di essa, con l\u2019annuncio del Regno e della Parola di Dio, e poi con la preparazione e attuazione del suo avvento\u00bb. Cos\u00ec, ha concluso Crociata, \u00abquesta celebrazione, che arricchisce la nostra Chiesa con due nuovi ministri ordinati nel grado del diaconato, \u00e8 un segno forte dell\u2019avvento del Regno e una chiamata a vivere per esso con la donazione di tutta la nostra vita\u00bb.<\/p>\n<p>&nbsp;<\/p>\n<p>&nbsp;<\/p>\n","protected":false},"excerpt":{"rendered":"<p>LATINA &#8211; Nella cattedrale di San Marco di Latina, il vescovo Mariano Crociata ha ordinato due nuovi diaconi permanenti per la diocesi pontina: Angelo Castellucci e Walter Marchetti. I novelli ordinati sono entrambi coniugati e con figli. Angelo Castellucci, 40 anni, proviene dalla parrocchia di San Francesco d\u2019Assisi di Cisterna. Qui \u00e8 stato sempre impegnato [&hellip;]<\/p>\n","protected":false},"author":60,"featured_media":0,"comment_status":"open","ping_status":"closed","sticky":false,"template":"","format":"standard","meta":{"footnotes":""},"categories":[735],"tags":[],"class_list":["post-208269","post","type-post","status-publish","format-standard","hentry","category-attualita"],"_links":{"self":[{"href":"https:\/\/www.radioluna.it\/news\/wp-json\/wp\/v2\/posts\/208269","targetHints":{"allow":["GET"]}}],"collection":[{"href":"https:\/\/www.radioluna.it\/news\/wp-json\/wp\/v2\/posts"}],"about":[{"href":"https:\/\/www.radioluna.it\/news\/wp-json\/wp\/v2\/types\/post"}],"author":[{"embeddable":true,"href":"https:\/\/www.radioluna.it\/news\/wp-json\/wp\/v2\/users\/60"}],"replies":[{"embeddable":true,"href":"https:\/\/www.radioluna.it\/news\/wp-json\/wp\/v2\/comments?post=208269"}],"version-history":[{"count":0,"href":"https:\/\/www.radioluna.it\/news\/wp-json\/wp\/v2\/posts\/208269\/revisions"}],"wp:attachment":[{"href":"https:\/\/www.radioluna.it\/news\/wp-json\/wp\/v2\/media?parent=208269"}],"wp:term":[{"taxonomy":"category","embeddable":true,"href":"https:\/\/www.radioluna.it\/news\/wp-json\/wp\/v2\/categories?post=208269"},{"taxonomy":"post_tag","embeddable":true,"href":"https:\/\/www.radioluna.it\/news\/wp-json\/wp\/v2\/tags?post=208269"}],"curies":[{"name":"wp","href":"https:\/\/api.w.org\/{rel}","templated":true}]}}