{"id":208282,"date":"2017-11-28T07:17:25","date_gmt":"2017-11-28T06:17:25","guid":{"rendered":"http:\/\/www.radioluna.it\/news\/?p=208282"},"modified":"2017-11-28T17:43:06","modified_gmt":"2017-11-28T16:43:06","slug":"imprenditore-di-latina-rapinato-del-rolex-in-via-pio-vi-la-polizia-cerca-il-bandito","status":"publish","type":"post","link":"https:\/\/www.radioluna.it\/news\/2017\/11\/imprenditore-di-latina-rapinato-del-rolex-in-via-pio-vi-la-polizia-cerca-il-bandito\/","title":{"rendered":"Imprenditore di Latina rapinato del Rolex in Via Pio VI. La polizia cerca il bandito"},"content":{"rendered":"<div id=\"fb-root\"><\/div>\n<p style=\"text-align: justify;\"><strong><img loading=\"lazy\" decoding=\"async\" class=\"aligncenter size-thumbnail wp-image-208285\" src=\"http:\/\/www.radioluna.it\/news\/wp-content\/uploads\/2017\/11\/parcheggio_ex_autolinee-2-689x357.jpg\" alt=\"\" width=\"689\" height=\"357\" srcset=\"https:\/\/www.radioluna.it\/news\/wp-content\/uploads\/2017\/11\/parcheggio_ex_autolinee-2-689x357.jpg 689w, https:\/\/www.radioluna.it\/news\/wp-content\/uploads\/2017\/11\/parcheggio_ex_autolinee-2-300x156.jpg 300w, https:\/\/www.radioluna.it\/news\/wp-content\/uploads\/2017\/11\/parcheggio_ex_autolinee-2-500x259.jpg 500w, https:\/\/www.radioluna.it\/news\/wp-content\/uploads\/2017\/11\/parcheggio_ex_autolinee-2.jpg 729w\" sizes=\"auto, (max-width: 689px) 100vw, 689px\" \/>LATINA\u00a0<\/strong> &#8211; Un imprenditore \u00e8 stato rapinato nel pomeriggio di ieri a Latina mentre si trovava alle ex autolinee, in Via Pio VI in pieno centro citt\u00e0. Da quanto denunciato dall&#8217;uomo alla polizia la sequenza \u00e8 stata rapida: mentre riprendeva l&#8217;auto, intorno alle 6 del pomeriggio, a pochi passi dal posto di lavoro, \u00e8 stato avvicinato da un bandito che l&#8217;ha minacciato facendosi consegnare l&#8217;orologio, un rolex, e i soldi. Poi il rapinatore si \u00e8 allontanato indisturbato. Gli investigatori della squadra mobile della Questura hanno immediatamente avviato le indagini.<\/p>\n<div class=\"radio-posizionamento-telefono-in-articoli-dopo-il-contenuto-articolo radio-entity-placement\" id=\"radio-258225575\"><div id=\"radio-2236432453\"><a href=\"https:\/\/grupporedi.it\/\" aria-label=\"Redi-Qr\"><img loading=\"lazy\" decoding=\"async\" src=\"https:\/\/www.radioluna.it\/news\/wp-content\/uploads\/2026\/03\/Redi-Qr.jpg\" alt=\"\"  srcset=\"https:\/\/www.radioluna.it\/news\/wp-content\/uploads\/2026\/03\/Redi-Qr.jpg 800w, https:\/\/www.radioluna.it\/news\/wp-content\/uploads\/2026\/03\/Redi-Qr-768x639.jpg 768w\" sizes=\"(max-width: 800px) 100vw, 800px\" width=\"300\" height=\"250\"   \/><\/a><\/div><\/div>","protected":false},"excerpt":{"rendered":"<p>LATINA\u00a0 &#8211; Un imprenditore \u00e8 stato rapinato nel pomeriggio di ieri a Latina mentre si trovava alle ex autolinee, in Via Pio VI in pieno centro citt\u00e0. Da quanto denunciato dall&#8217;uomo alla polizia la sequenza \u00e8 stata rapida: mentre riprendeva l&#8217;auto, intorno alle 6 del pomeriggio, a pochi passi dal posto di lavoro, \u00e8 stato [&hellip;]<\/p>\n","protected":false},"author":60,"featured_media":208285,"comment_status":"open","ping_status":"closed","sticky":false,"template":"","format":"standard","meta":{"footnotes":""},"categories":[7],"tags":[],"class_list":["post-208282","post","type-post","status-publish","format-standard","has-post-thumbnail","hentry","category-cronaca"],"_links":{"self":[{"href":"https:\/\/www.radioluna.it\/news\/wp-json\/wp\/v2\/posts\/208282","targetHints":{"allow":["GET"]}}],"collection":[{"href":"https:\/\/www.radioluna.it\/news\/wp-json\/wp\/v2\/posts"}],"about":[{"href":"https:\/\/www.radioluna.it\/news\/wp-json\/wp\/v2\/types\/post"}],"author":[{"embeddable":true,"href":"https:\/\/www.radioluna.it\/news\/wp-json\/wp\/v2\/users\/60"}],"replies":[{"embeddable":true,"href":"https:\/\/www.radioluna.it\/news\/wp-json\/wp\/v2\/comments?post=208282"}],"version-history":[{"count":0,"href":"https:\/\/www.radioluna.it\/news\/wp-json\/wp\/v2\/posts\/208282\/revisions"}],"wp:featuredmedia":[{"embeddable":true,"href":"https:\/\/www.radioluna.it\/news\/wp-json\/wp\/v2\/media\/208285"}],"wp:attachment":[{"href":"https:\/\/www.radioluna.it\/news\/wp-json\/wp\/v2\/media?parent=208282"}],"wp:term":[{"taxonomy":"category","embeddable":true,"href":"https:\/\/www.radioluna.it\/news\/wp-json\/wp\/v2\/categories?post=208282"},{"taxonomy":"post_tag","embeddable":true,"href":"https:\/\/www.radioluna.it\/news\/wp-json\/wp\/v2\/tags?post=208282"}],"curies":[{"name":"wp","href":"https:\/\/api.w.org\/{rel}","templated":true}]}}