{"id":208468,"date":"2017-11-30T16:06:12","date_gmt":"2017-11-30T15:06:12","guid":{"rendered":"http:\/\/www.radioluna.it\/news\/?p=208468"},"modified":"2017-12-01T10:37:00","modified_gmt":"2017-12-01T09:37:00","slug":"latina-mercatino-di-natale-nella-ztl-lunedi-si-monta-le-casette-di-legno-saranno-44","status":"publish","type":"post","link":"https:\/\/www.radioluna.it\/news\/2017\/11\/latina-mercatino-di-natale-nella-ztl-lunedi-si-monta-le-casette-di-legno-saranno-44\/","title":{"rendered":"Latina, mercatino di Natale nella ztl, luned\u00ec si monta. Le casette di legno saranno 44"},"content":{"rendered":"<div id=\"fb-root\"><\/div>\n<p style=\"text-align: justify;\"><strong><img loading=\"lazy\" decoding=\"async\" class=\"aligncenter size-thumbnail wp-image-172505\" src=\"http:\/\/www.radioluna.it\/news\/wp-content\/uploads\/2016\/01\/mercatini-natale-ztl-635x357.jpg\" alt=\"\" width=\"635\" height=\"357\" srcset=\"https:\/\/www.radioluna.it\/news\/wp-content\/uploads\/2016\/01\/mercatini-natale-ztl-635x357.jpg 635w, https:\/\/www.radioluna.it\/news\/wp-content\/uploads\/2016\/01\/mercatini-natale-ztl-768x432.jpg 768w, https:\/\/www.radioluna.it\/news\/wp-content\/uploads\/2016\/01\/mercatini-natale-ztl-500x281.jpg 500w, https:\/\/www.radioluna.it\/news\/wp-content\/uploads\/2016\/01\/mercatini-natale-ztl-300x169.jpg 300w, https:\/\/www.radioluna.it\/news\/wp-content\/uploads\/2016\/01\/mercatini-natale-ztl-1024x576.jpg 1024w, https:\/\/www.radioluna.it\/news\/wp-content\/uploads\/2016\/01\/mercatini-natale-ztl-800x450.jpg 800w, https:\/\/www.radioluna.it\/news\/wp-content\/uploads\/2016\/01\/mercatini-natale-ztl.jpg 1000w\" sizes=\"auto, (max-width: 635px) 100vw, 635px\" \/>LATINA<\/strong> &#8211; Le feste incombono e il Comune capoluogo si prepara a dare il via all&#8217;operazione Mercatini di Natale che quest&#8217;anno, per par condicio, potrebbe non fermarsi alla sola area pedonale. &#8220;E&#8217; volont\u00e0 dell&#8217;Amministrazione &#8211; si legge in una delibera di giunta &#8211; nel periodo delle festivit\u00e0 natalizie, procedere all&#8217;organizzazione di Mercatini di Natale anche nelle aree del territorio poste al di fuori della ztl&#8221;. Non pi\u00f9 dunque solo Via Eugenio di Savoia e Corso della Repubblica nel tratto interdetto alla circolazione delle auto, ma anche in altri luoghi. Quali? Ecco l&#8217;elenco.<\/p>\n<p style=\"text-align: justify;\">Sono: piazza Santa Maria Goretti, piazzale Prampolini,\u00a0 piazza Moro, via Cervone, Q4, La Chiseuola, Latina Scalo e i borghi San Michele, Grappa, Montello, Sabotino e Faiti. Dodici zone in tutto in cui sar\u00e0 possibile fare domanda e presentare un progetto per organizzare iniziative analoghe a quelle che si svolgono ormai da 5 anni a questa parte nel centro storico.<\/p>\n<p style=\"text-align: justify;\"><strong>NELLA ZTL<\/strong> &#8211; Intanto il bando per la Ztl \u00e8 stato vinto da Art&#8217;\u00e8: &#8220;Le casette, compresa quella di Babbo Natale, saranno in tutto 44, tra dolciumi, oggettistica, e soprattutto opere d&#8217;ingegno creativo. E nella scelta abbiamo privilegiato le attivit\u00e0 locali, con sede a Latina&#8221;, spiega l&#8217;organizzatore Emanuele Forzan.\u00a0Nessun contributo, quest&#8217;anno le casette pagheranno occupazione di suolo pubblico e corrente; a carico dell&#8217;organizzazione anche un maxi albero di Natale in Piazza del Popolo e la giostra antica che faranno da contorno ai mercatini.<\/p>\n<p style=\"text-align: justify;\">&#8220;Il primo anno erano solo 14 e solo in Via Eugenio di Savoia, ora si fa a gara per avere uno spazio&#8221;, fa notare Walter Tomassi della Confcommercio.<\/p>\n<p style=\"text-align: justify;\">Quanto ai tempi,\u00a0 le casette dovranno essere aperte per il ponte dell&#8217;Immacolata, dal 7 dicembre,\u00a0 e dunque si comincer\u00e0 a montare a partire da luned\u00ec. L&#8217;operazione inversa scatter\u00e0 il 4 gennaio.<\/p>\n<p style=\"text-align: justify;\">La maggior parte dei\u00a0 commercianti che operano nel centro storico hanno contribuito alle luminarie che si accenderanno nei 400 metri lineari della Ztl, ma non solo, arriveranno fino al Bar Friuli.<\/p>\n<p>&nbsp;<\/p>\n<div class=\"radio-posizionamento-telefono-in-articoli-dopo-il-contenuto-articolo radio-entity-placement\" id=\"radio-1850652884\"><div id=\"radio-1309039500\"><a href=\"https:\/\/www.simeoneceramiche.com\/\" aria-label=\"SIMEONE CERAMICHE GIF animata per radioluna_Tavola disegno 1 copia 2 (online-video-cutter.com)\"><img loading=\"lazy\" decoding=\"async\" src=\"https:\/\/www.radioluna.it\/news\/wp-content\/uploads\/2025\/05\/SIMEONE-CERAMICHE-GIF-animata-per-radioluna_Tavola-disegno-1-copia-2-online-video-cutter.com_.gif\" alt=\"\"  width=\"300\" height=\"250\"   \/><\/a><\/div><\/div>","protected":false},"excerpt":{"rendered":"<p>LATINA &#8211; Le feste incombono e il Comune capoluogo si prepara a dare il via all&#8217;operazione Mercatini di Natale che quest&#8217;anno, per par condicio, potrebbe non fermarsi alla sola area pedonale. &#8220;E&#8217; volont\u00e0 dell&#8217;Amministrazione &#8211; si legge in una delibera di giunta &#8211; nel periodo delle festivit\u00e0 natalizie, procedere all&#8217;organizzazione di Mercatini di Natale anche [&hellip;]<\/p>\n","protected":false},"author":62,"featured_media":172505,"comment_status":"open","ping_status":"closed","sticky":false,"template":"","format":"standard","meta":{"footnotes":""},"categories":[7],"tags":[],"class_list":["post-208468","post","type-post","status-publish","format-standard","has-post-thumbnail","hentry","category-cronaca"],"_links":{"self":[{"href":"https:\/\/www.radioluna.it\/news\/wp-json\/wp\/v2\/posts\/208468","targetHints":{"allow":["GET"]}}],"collection":[{"href":"https:\/\/www.radioluna.it\/news\/wp-json\/wp\/v2\/posts"}],"about":[{"href":"https:\/\/www.radioluna.it\/news\/wp-json\/wp\/v2\/types\/post"}],"author":[{"embeddable":true,"href":"https:\/\/www.radioluna.it\/news\/wp-json\/wp\/v2\/users\/62"}],"replies":[{"embeddable":true,"href":"https:\/\/www.radioluna.it\/news\/wp-json\/wp\/v2\/comments?post=208468"}],"version-history":[{"count":0,"href":"https:\/\/www.radioluna.it\/news\/wp-json\/wp\/v2\/posts\/208468\/revisions"}],"wp:featuredmedia":[{"embeddable":true,"href":"https:\/\/www.radioluna.it\/news\/wp-json\/wp\/v2\/media\/172505"}],"wp:attachment":[{"href":"https:\/\/www.radioluna.it\/news\/wp-json\/wp\/v2\/media?parent=208468"}],"wp:term":[{"taxonomy":"category","embeddable":true,"href":"https:\/\/www.radioluna.it\/news\/wp-json\/wp\/v2\/categories?post=208468"},{"taxonomy":"post_tag","embeddable":true,"href":"https:\/\/www.radioluna.it\/news\/wp-json\/wp\/v2\/tags?post=208468"}],"curies":[{"name":"wp","href":"https:\/\/api.w.org\/{rel}","templated":true}]}}