{"id":208474,"date":"2017-11-30T20:23:13","date_gmt":"2017-11-30T19:23:13","guid":{"rendered":"http:\/\/www.radioluna.it\/news\/?p=208474"},"modified":"2017-12-01T07:15:59","modified_gmt":"2017-12-01T06:15:59","slug":"alta-dignostica-coletta-in-consiglio-qualcuno-ha-interesse-a-che-questo-progetto-salti","status":"publish","type":"post","link":"https:\/\/www.radioluna.it\/news\/2017\/11\/alta-dignostica-coletta-in-consiglio-qualcuno-ha-interesse-a-che-questo-progetto-salti\/","title":{"rendered":"Alta Dignostica, Coletta in Consiglio: &#8220;Qualcuno ha interesse a che questo progetto salti&#8221;"},"content":{"rendered":"<div id=\"fb-root\"><\/div>\n<p style=\"text-align: justify;\"><strong><img loading=\"lazy\" decoding=\"async\" class=\"aligncenter size-thumbnail wp-image-208477\" src=\"http:\/\/www.radioluna.it\/news\/wp-content\/uploads\/2017\/11\/coletta-in-consiglio-689x459.jpg\" alt=\"\" width=\"689\" height=\"459\" srcset=\"https:\/\/www.radioluna.it\/news\/wp-content\/uploads\/2017\/11\/coletta-in-consiglio-689x459.jpg 689w, https:\/\/www.radioluna.it\/news\/wp-content\/uploads\/2017\/11\/coletta-in-consiglio-300x200.jpg 300w, https:\/\/www.radioluna.it\/news\/wp-content\/uploads\/2017\/11\/coletta-in-consiglio-768x512.jpg 768w, https:\/\/www.radioluna.it\/news\/wp-content\/uploads\/2017\/11\/coletta-in-consiglio-1024x682.jpg 1024w, https:\/\/www.radioluna.it\/news\/wp-content\/uploads\/2017\/11\/coletta-in-consiglio-500x333.jpg 500w, https:\/\/www.radioluna.it\/news\/wp-content\/uploads\/2017\/11\/coletta-in-consiglio-800x533.jpg 800w, https:\/\/www.radioluna.it\/news\/wp-content\/uploads\/2017\/11\/coletta-in-consiglio.jpg 1280w\" sizes=\"auto, (max-width: 689px) 100vw, 689px\" \/>LATINA<\/strong> &#8211; &#8220;La politica deve fare scelte, ma non deve inquinare. Io credo che qui invece si stiano inquinando le prove e che qualcuno abbia interesse a che questo progetto salti. Io non ci sto a questi giochetti politici&#8221;. E&#8217; il parere espresso dal sindaco di Latina Damiano Coletta nel corso dell&#8217;illustrazione della posizione di maggioranza sul famoso progetto dell&#8217;Alta Diagnostica, argomento di cui si discute da mesi e sul quale si arriva al nuovo consiglio comunale con visioni profondamente diverse tra maggioranza e opposizione. E non solo.<\/p>\n<p style=\"text-align: justify;\">C&#8217;\u00e9 anche la posizione espressa senza mezzi termini in queste ore dalla presidente della Provincia Eleonora Della Penna, che minaccia di revocare il finanziamento da 800 mila euro dell&#8217;ente di Via Costa nel caso in cui non si realizzasse il piano &#8220;A&#8221;, posizione che ha raccolto nelle ultime ore anche l&#8217;appoggio di 7 sindaci del sud pontino.<\/p>\n<p style=\"text-align: justify;\">Entrando nel merito della cosiddetta rimodulazione del progetto proposta dalla Fondazione Roma (l&#8217;ente che deve donare i macchinari) il sindaco ha citato il parere del presidente della societ\u00e0 italiana di radiologia medica, Roberto Grossi spiegando che \u00e8 migliorativo rispetto al primo.<\/p>\n<p><strong>IL DISCORSO DI COLETTA<\/strong><\/p>\n<audio class=\"wp-audio-shortcode\" id=\"audio-208474-1\" preload=\"none\" style=\"width: 100%;\" controls=\"controls\"><source type=\"audio\/mpeg\" src=\"http:\/\/www.radioluna.it\/news\/wp-content\/uploads\/2017\/11\/coletta-alta-diagnostica.mp3?_=1\" \/><a href=\"http:\/\/www.radioluna.it\/news\/wp-content\/uploads\/2017\/11\/coletta-alta-diagnostica.mp3\">http:\/\/www.radioluna.it\/news\/wp-content\/uploads\/2017\/11\/coletta-alta-diagnostica.mp3<\/a><\/audio>\n<p style=\"text-align: justify;\">Il voto \u00e8 arrivato a tarda sera dopo ore e ore di dibattito, praticamente un muro contro muro che ha visto alla fine le posizioni rimanere molto distanti. Per il Pd Forte, si arriver\u00e0 allo scontro legale; per Nicola Calandrini di Fratelli D&#8217;Italia l&#8217;unico che pu\u00f2 inquinare il progetto \u00e8 il sindaco Coletta che viene invitato a completare i lavori nei locali destinati all&#8217;Alta diagnostica per superare il no della Regione Lazio, che ha segnato il momento in cui il progetto \u00e8 stato cambiato. Per Calvi di Forza Italia il vero problema \u00e8 il contenzioso che si creer\u00e0 stante la posizione contraria della Provincia. Insomma,\u00a0 il cosiddetto Piano B, considerato da molti un&#8217;offerta al ribasso da parte della Fondazione Roma che deve donare i macchinari, \u00e8 passato con i soli voti di Lbc, che al contrario, sulla base del parere espresso dalla societ\u00e0 italiana di radiologia medica,\u00a0 considera il progetto migliorativo e l&#8217;accordo di programma sulla creazione di un centro di alta diagnostica a Latina, mantenuto.<\/p>\n<p>&nbsp;<\/p>\n<div class=\"radio-posizionamento-telefono-in-articoli-dopo-il-contenuto-articolo radio-entity-placement\" id=\"radio-2651751487\"><div id=\"radio-2168274399\" style=\"width: 300px;height: 250px;\"><a href=\"https:\/\/www.icarspa.it\/auto\/usate\/latina\/\" aria-label=\"banner aprile icar new life &#8211; auto usate latina\"><img loading=\"lazy\" decoding=\"async\" src=\"https:\/\/www.radioluna.it\/news\/wp-content\/uploads\/2026\/02\/banner-aprile-icar-new-life-auto-usate-latina.gif\" alt=\"\"  width=\"300\" height=\"250\"   \/><\/a><\/div><\/div>","protected":false},"excerpt":{"rendered":"<p>LATINA &#8211; &#8220;La politica deve fare scelte, ma non deve inquinare. Io credo che qui invece si stiano inquinando le prove e che qualcuno abbia interesse a che questo progetto salti. Io non ci sto a questi giochetti politici&#8221;. E&#8217; il parere espresso dal sindaco di Latina Damiano Coletta nel corso dell&#8217;illustrazione della posizione di [&hellip;]<\/p>\n","protected":false},"author":62,"featured_media":208477,"comment_status":"open","ping_status":"closed","sticky":false,"template":"","format":"standard","meta":{"footnotes":""},"categories":[2310,8],"tags":[],"class_list":["post-208474","post","type-post","status-publish","format-standard","has-post-thumbnail","hentry","category-audio","category-politica"],"_links":{"self":[{"href":"https:\/\/www.radioluna.it\/news\/wp-json\/wp\/v2\/posts\/208474","targetHints":{"allow":["GET"]}}],"collection":[{"href":"https:\/\/www.radioluna.it\/news\/wp-json\/wp\/v2\/posts"}],"about":[{"href":"https:\/\/www.radioluna.it\/news\/wp-json\/wp\/v2\/types\/post"}],"author":[{"embeddable":true,"href":"https:\/\/www.radioluna.it\/news\/wp-json\/wp\/v2\/users\/62"}],"replies":[{"embeddable":true,"href":"https:\/\/www.radioluna.it\/news\/wp-json\/wp\/v2\/comments?post=208474"}],"version-history":[{"count":0,"href":"https:\/\/www.radioluna.it\/news\/wp-json\/wp\/v2\/posts\/208474\/revisions"}],"wp:featuredmedia":[{"embeddable":true,"href":"https:\/\/www.radioluna.it\/news\/wp-json\/wp\/v2\/media\/208477"}],"wp:attachment":[{"href":"https:\/\/www.radioluna.it\/news\/wp-json\/wp\/v2\/media?parent=208474"}],"wp:term":[{"taxonomy":"category","embeddable":true,"href":"https:\/\/www.radioluna.it\/news\/wp-json\/wp\/v2\/categories?post=208474"},{"taxonomy":"post_tag","embeddable":true,"href":"https:\/\/www.radioluna.it\/news\/wp-json\/wp\/v2\/tags?post=208474"}],"curies":[{"name":"wp","href":"https:\/\/api.w.org\/{rel}","templated":true}]}}