{"id":208920,"date":"2017-12-07T10:37:06","date_gmt":"2017-12-07T09:37:06","guid":{"rendered":"http:\/\/www.radioluna.it\/news\/?p=208920"},"modified":"2017-12-13T04:18:19","modified_gmt":"2017-12-13T03:18:19","slug":"incidente-in-via-del-piano-rosso-moto-tampona-un-trattore-muore-un-uomo","status":"publish","type":"post","link":"https:\/\/www.radioluna.it\/news\/2017\/12\/incidente-in-via-del-piano-rosso-moto-tampona-un-trattore-muore-un-uomo\/","title":{"rendered":"Incidente in Via del Piano Rosso, moto tampona un trattore muore un uomo"},"content":{"rendered":"<div id=\"fb-root\"><\/div>\n<p style=\"text-align: justify;\"><strong><img loading=\"lazy\" decoding=\"async\" class=\"aligncenter size-thumbnail wp-image-184446\" src=\"http:\/\/www.radioluna.it\/news\/wp-content\/uploads\/2016\/11\/incidente-689x367.jpg\" alt=\"\" width=\"689\" height=\"367\" srcset=\"https:\/\/www.radioluna.it\/news\/wp-content\/uploads\/2016\/11\/incidente-689x367.jpg 689w, https:\/\/www.radioluna.it\/news\/wp-content\/uploads\/2016\/11\/incidente-300x160.jpg 300w, https:\/\/www.radioluna.it\/news\/wp-content\/uploads\/2016\/11\/incidente.jpg 737w\" sizes=\"auto, (max-width: 689px) 100vw, 689px\" \/>LATINA<\/strong> &#8211; Tragedia questa mattina poco prima delle 8 in Via del Piano Rosso tra Latina e Cisterna dove un uomo in sella ad una moto ha tamponato il trattore guidato da un agricoltore di 35 anni. L&#8217;impatto\u00a0 all&#8217;altezza del civico 22 \u00e8 stato violento. Per il motociclista Giuliano Cecconato, che avrebbe compiuto 53 anni fra pochi giorni, non c&#8217;\u00e8 stato nulla da fare. I sanitari del 118 hanno solo potuto dichiararne la morte. Sul posto per i rilievi \u00e8 intervenuta la polizia stradale di Latina.<\/p>\n<p style=\"text-align: justify;\">L&#8217;incidente \u00e8 avvenuto a pochi metri dalle abitazioni di entrambe le persone coinvolte.<\/p>\n","protected":false},"excerpt":{"rendered":"<p>LATINA &#8211; Tragedia questa mattina poco prima delle 8 in Via del Piano Rosso tra Latina e Cisterna dove un uomo in sella ad una moto ha tamponato il trattore guidato da un agricoltore di 35 anni. L&#8217;impatto\u00a0 all&#8217;altezza del civico 22 \u00e8 stato violento. Per il motociclista Giuliano Cecconato, che avrebbe compiuto 53 anni [&hellip;]<\/p>\n","protected":false},"author":62,"featured_media":184446,"comment_status":"open","ping_status":"closed","sticky":false,"template":"","format":"standard","meta":{"footnotes":""},"categories":[7],"tags":[],"class_list":["post-208920","post","type-post","status-publish","format-standard","has-post-thumbnail","hentry","category-cronaca"],"_links":{"self":[{"href":"https:\/\/www.radioluna.it\/news\/wp-json\/wp\/v2\/posts\/208920","targetHints":{"allow":["GET"]}}],"collection":[{"href":"https:\/\/www.radioluna.it\/news\/wp-json\/wp\/v2\/posts"}],"about":[{"href":"https:\/\/www.radioluna.it\/news\/wp-json\/wp\/v2\/types\/post"}],"author":[{"embeddable":true,"href":"https:\/\/www.radioluna.it\/news\/wp-json\/wp\/v2\/users\/62"}],"replies":[{"embeddable":true,"href":"https:\/\/www.radioluna.it\/news\/wp-json\/wp\/v2\/comments?post=208920"}],"version-history":[{"count":0,"href":"https:\/\/www.radioluna.it\/news\/wp-json\/wp\/v2\/posts\/208920\/revisions"}],"wp:featuredmedia":[{"embeddable":true,"href":"https:\/\/www.radioluna.it\/news\/wp-json\/wp\/v2\/media\/184446"}],"wp:attachment":[{"href":"https:\/\/www.radioluna.it\/news\/wp-json\/wp\/v2\/media?parent=208920"}],"wp:term":[{"taxonomy":"category","embeddable":true,"href":"https:\/\/www.radioluna.it\/news\/wp-json\/wp\/v2\/categories?post=208920"},{"taxonomy":"post_tag","embeddable":true,"href":"https:\/\/www.radioluna.it\/news\/wp-json\/wp\/v2\/tags?post=208920"}],"curies":[{"name":"wp","href":"https:\/\/api.w.org\/{rel}","templated":true}]}}