{"id":208933,"date":"2017-12-07T13:22:36","date_gmt":"2017-12-07T12:22:36","guid":{"rendered":"http:\/\/www.radioluna.it\/news\/?p=208933"},"modified":"2017-12-07T13:22:36","modified_gmt":"2017-12-07T12:22:36","slug":"giustizia-lumaca-assemblea-della-cisl-per-il-tribunale-di-latina","status":"publish","type":"post","link":"https:\/\/www.radioluna.it\/news\/2017\/12\/giustizia-lumaca-assemblea-della-cisl-per-il-tribunale-di-latina\/","title":{"rendered":"Giustizia lumaca, assemblea della Cisl per il Tribunale di Latina"},"content":{"rendered":"<div id=\"fb-root\"><\/div>\n<p style=\"text-align: justify;\"><strong><img loading=\"lazy\" decoding=\"async\" class=\"aligncenter size-thumbnail wp-image-169006\" src=\"http:\/\/www.radioluna.it\/news\/wp-content\/uploads\/2015\/09\/tribunale-635x356.jpg\" alt=\"\" width=\"635\" height=\"356\" srcset=\"https:\/\/www.radioluna.it\/news\/wp-content\/uploads\/2015\/09\/tribunale-635x356.jpg 635w, https:\/\/www.radioluna.it\/news\/wp-content\/uploads\/2015\/09\/tribunale-768x431.jpg 768w, https:\/\/www.radioluna.it\/news\/wp-content\/uploads\/2015\/09\/tribunale-500x281.jpg 500w, https:\/\/www.radioluna.it\/news\/wp-content\/uploads\/2015\/09\/tribunale-300x168.jpg 300w, https:\/\/www.radioluna.it\/news\/wp-content\/uploads\/2015\/09\/tribunale-1024x575.jpg 1024w, https:\/\/www.radioluna.it\/news\/wp-content\/uploads\/2015\/09\/tribunale-800x449.jpg 800w, https:\/\/www.radioluna.it\/news\/wp-content\/uploads\/2015\/09\/tribunale.jpg 1000w\" sizes=\"auto, (max-width: 635px) 100vw, 635px\" \/>LATINA<\/strong> &#8211;\u00a0Luned\u00ec 11 dicembre alle ore 11.00, in piazza Bruno Buozzi davanti al tribunale, si terr\u00e0 un presidio della Cisl di Latina per chiedere una giustizia pi\u00f9 efficiente. &#8220;L\u2019iniziativa\u00a0 &#8211; spiega Roberto Cecere &#8211; segue quella di qualche giorno fa con la lettera inviata al Ministro di Grazia e Giustizia Andrea Orlando e al Vice Presidente del CSM Giovanni Legnini, nella quale si chiedeva di prendere i giusti e celeri provvedimenti per risolvere la grave carenza in organico di magistrati per la sezione lavoro del tribunale di Latina. Uno stato di fatto, che genera gravi ripercussioni sui lavoratori che ricorrono alla giustizia per vedere riconosciuti e tutelati i propri interessi, ma che in realt\u00e0 vedono ostacolati e negati i propri diritti per l\u2019impossibilit\u00e0 di celebrare processi veloci considerando come in organico siano presenti solo due magistrati che si occupa di cause del lavoro&#8221;.<\/p>\n<p style=\"text-align: justify;\">Per questo luned\u00ec si terr\u00e0 un\u2019assemblea di tutti i lavoratori del settore, procura, giudice di pace, ufficio notifiche e tribunale, alla quale prenderanno parte il Segretario Generale Cisl di Latina Roberto Cecere e la Segretaria Generale della Funzione Pubblica di Latina Enza Del Gaudio, nel corso della quale saranno evidenziate le problematiche che affliggono il settore.<\/p>\n<p style=\"text-align: justify;\">\u201cIl tribunale di Latina sconta una mole di lavoro veramente sproporzionata a fronte di un organico che continua a ridursi in modo consistente anno dopo anno, e questo determina degli arretrati che ricadono inevitabilmente sui cittadini che non riescono a vedere riconosciuti i loro diritti in un tempo normale &#8211; commenta Roberto Cecere &#8211;\u00a0\u00a0C\u2019\u00e8 bisogno di maggiore efficienza negli uffici giudiziari ed \u00e8 necessario che i lavoratori del settore possano operare nel migliore dei modi, senza la forte pressione a cui sono sottoposti per la cronica mancanza di personale. E\u2019 indispensabile dotarsi di un vero e proprio piano di rilancio del nostro Tribunale che dia anche risposte di lavoro stabile ai tanti precari del settore, che devono essere al centro dei futuri interventi.\u201d<\/p>\n<p>&nbsp;<\/p>\n<div class=\"radio-posizionamento-telefono-in-articoli-dopo-il-contenuto-articolo radio-entity-placement\" id=\"radio-2865247530\"><div id=\"radio-2295786010\"><a href=\"https:\/\/grupporedi.it\/\" aria-label=\"Redi-Qr\"><img loading=\"lazy\" decoding=\"async\" src=\"https:\/\/www.radioluna.it\/news\/wp-content\/uploads\/2026\/03\/Redi-Qr.jpg\" alt=\"\"  srcset=\"https:\/\/www.radioluna.it\/news\/wp-content\/uploads\/2026\/03\/Redi-Qr.jpg 800w, https:\/\/www.radioluna.it\/news\/wp-content\/uploads\/2026\/03\/Redi-Qr-768x639.jpg 768w\" sizes=\"(max-width: 800px) 100vw, 800px\" width=\"300\" height=\"250\"   \/><\/a><\/div><\/div>","protected":false},"excerpt":{"rendered":"<p>LATINA &#8211;\u00a0Luned\u00ec 11 dicembre alle ore 11.00, in piazza Bruno Buozzi davanti al tribunale, si terr\u00e0 un presidio della Cisl di Latina per chiedere una giustizia pi\u00f9 efficiente. &#8220;L\u2019iniziativa\u00a0 &#8211; spiega Roberto Cecere &#8211; segue quella di qualche giorno fa con la lettera inviata al Ministro di Grazia e Giustizia Andrea Orlando e al Vice [&hellip;]<\/p>\n","protected":false},"author":60,"featured_media":169006,"comment_status":"open","ping_status":"closed","sticky":false,"template":"","format":"standard","meta":{"footnotes":""},"categories":[11],"tags":[],"class_list":["post-208933","post","type-post","status-publish","format-standard","has-post-thumbnail","hentry","category-economia"],"_links":{"self":[{"href":"https:\/\/www.radioluna.it\/news\/wp-json\/wp\/v2\/posts\/208933","targetHints":{"allow":["GET"]}}],"collection":[{"href":"https:\/\/www.radioluna.it\/news\/wp-json\/wp\/v2\/posts"}],"about":[{"href":"https:\/\/www.radioluna.it\/news\/wp-json\/wp\/v2\/types\/post"}],"author":[{"embeddable":true,"href":"https:\/\/www.radioluna.it\/news\/wp-json\/wp\/v2\/users\/60"}],"replies":[{"embeddable":true,"href":"https:\/\/www.radioluna.it\/news\/wp-json\/wp\/v2\/comments?post=208933"}],"version-history":[{"count":0,"href":"https:\/\/www.radioluna.it\/news\/wp-json\/wp\/v2\/posts\/208933\/revisions"}],"wp:featuredmedia":[{"embeddable":true,"href":"https:\/\/www.radioluna.it\/news\/wp-json\/wp\/v2\/media\/169006"}],"wp:attachment":[{"href":"https:\/\/www.radioluna.it\/news\/wp-json\/wp\/v2\/media?parent=208933"}],"wp:term":[{"taxonomy":"category","embeddable":true,"href":"https:\/\/www.radioluna.it\/news\/wp-json\/wp\/v2\/categories?post=208933"},{"taxonomy":"post_tag","embeddable":true,"href":"https:\/\/www.radioluna.it\/news\/wp-json\/wp\/v2\/tags?post=208933"}],"curies":[{"name":"wp","href":"https:\/\/api.w.org\/{rel}","templated":true}]}}