{"id":208935,"date":"2017-12-07T13:53:43","date_gmt":"2017-12-07T12:53:43","guid":{"rendered":"http:\/\/www.radioluna.it\/news\/?p=208935"},"modified":"2017-12-12T09:57:22","modified_gmt":"2017-12-12T08:57:22","slug":"riparte-da-latina-il-viaggio-degli-asinelli-di-covelo","status":"publish","type":"post","link":"https:\/\/www.radioluna.it\/news\/2017\/12\/riparte-da-latina-il-viaggio-degli-asinelli-di-covelo\/","title":{"rendered":"Riparte da Latina il viaggio degli Asinelli di Covelo"},"content":{"rendered":"<div id=\"fb-root\"><\/div>\n<p style=\"text-align: justify;\"><strong><img loading=\"lazy\" decoding=\"async\" class=\"aligncenter size-thumbnail wp-image-208938\" src=\"http:\/\/www.radioluna.it\/news\/wp-content\/uploads\/2017\/12\/asinelli-covelo-be-nero-689x459.jpg\" alt=\"\" width=\"689\" height=\"459\" srcset=\"https:\/\/www.radioluna.it\/news\/wp-content\/uploads\/2017\/12\/asinelli-covelo-be-nero-689x459.jpg 689w, https:\/\/www.radioluna.it\/news\/wp-content\/uploads\/2017\/12\/asinelli-covelo-be-nero-300x200.jpg 300w, https:\/\/www.radioluna.it\/news\/wp-content\/uploads\/2017\/12\/asinelli-covelo-be-nero-768x512.jpg 768w, https:\/\/www.radioluna.it\/news\/wp-content\/uploads\/2017\/12\/asinelli-covelo-be-nero-500x333.jpg 500w, https:\/\/www.radioluna.it\/news\/wp-content\/uploads\/2017\/12\/asinelli-covelo-be-nero-800x533.jpg 800w, https:\/\/www.radioluna.it\/news\/wp-content\/uploads\/2017\/12\/asinelli-covelo-be-nero.jpg 960w\" sizes=\"auto, (max-width: 689px) 100vw, 689px\" \/>LATINA<\/strong> &#8211; Erano partiti lo scorso anno da Trento e sono arrivati a Roma con i loro due asinelli. Quest&#8217;anno invece, il viaggio di Angela,\u00a0 Damiano e dei loro equini, Diego e Sigaro, riprende e prosegue verso il sud Italia, ripartendo da Nettuno e Latina destinazione Santa Maria di Leuca. Saranno accompagnati da altri tre camminatori e ad augurare loro, buon viaggio, ci penseranno tre associazioni. &#8220;Per noi camminare \u00e8 un modo di viaggiare lento, un sogno poter vedere cos\u00ec posti nuovi, scoprendoli con i nostri asini che ci aiutano con i pesi, ma sono anche una compagnia&#8221;, spiega Angela che come suo marito viene da Covelo, in provincia di Trento. La loro storia \u00e8 piaciuta anche a Licia Col\u00f2 che ne ha parlato su Tv 2000.<\/p>\n<p style=\"text-align: justify;\">Angela e Damiano nelle loro ricerche di un posto vicino Roma che li ospitasse si sono connessi facilmente\u00a0 \u00a0con\u00a0 la Fattoria Sociale &#8220;Asino Chi Legge&#8221; con cui condividono lo stesso spirito di vita: da qui partir\u00e0 il cammino, l&#8217;8 dicembre alle 8.30. &#8220;Accompagnarli \u00e8 diventata l&#8217;occasione per unire idealmente realt\u00e0 con le quali condividiamo una prospettiva comune, fatta di integrazione, inclusione e attenzione alle persone e al territorio&#8221;, dice il presidente di Asino Chi Legge, Alessandro Buonerba.<\/p>\n<p style=\"text-align: justify;\">Il programma prevede il coinvolgimento di altre due realt\u00e0 sociali fortemente radicate a Latina: &#8220;Faremo merenda ospiti dell&#8217;associazione Vasi di Argilla a Sabotino e pranzo presso la sede dell&#8217;Associazione Diaphor\u00e0 Onlus a Fogliano. Poi, il 9 dicembre partiremo ancora alle 8.30 dalla Diaphora&#8217; per raggiungere a Sermoneta i ragazzi del Maggio Sermonetano e della cooperativa Agrifoglio, che stanno promuovendo un progetto didattico con gli asini&#8221;. Poi il viaggio proseguir\u00e0 sulla Via Francigena.<\/p>\n<p style=\"text-align: justify;\">La partecipazione al cammino \u00e8\u00a0 libera, mentre per il pranzo la prenotazione \u00e8 obbligatoria al 345 5257758.<\/p>\n","protected":false},"excerpt":{"rendered":"<p>LATINA &#8211; Erano partiti lo scorso anno da Trento e sono arrivati a Roma con i loro due asinelli. Quest&#8217;anno invece, il viaggio di Angela,\u00a0 Damiano e dei loro equini, Diego e Sigaro, riprende e prosegue verso il sud Italia, ripartendo da Nettuno e Latina destinazione Santa Maria di Leuca. Saranno accompagnati da altri tre [&hellip;]<\/p>\n","protected":false},"author":62,"featured_media":208937,"comment_status":"open","ping_status":"closed","sticky":false,"template":"","format":"standard","meta":{"footnotes":""},"categories":[735],"tags":[],"class_list":["post-208935","post","type-post","status-publish","format-standard","has-post-thumbnail","hentry","category-attualita"],"_links":{"self":[{"href":"https:\/\/www.radioluna.it\/news\/wp-json\/wp\/v2\/posts\/208935","targetHints":{"allow":["GET"]}}],"collection":[{"href":"https:\/\/www.radioluna.it\/news\/wp-json\/wp\/v2\/posts"}],"about":[{"href":"https:\/\/www.radioluna.it\/news\/wp-json\/wp\/v2\/types\/post"}],"author":[{"embeddable":true,"href":"https:\/\/www.radioluna.it\/news\/wp-json\/wp\/v2\/users\/62"}],"replies":[{"embeddable":true,"href":"https:\/\/www.radioluna.it\/news\/wp-json\/wp\/v2\/comments?post=208935"}],"version-history":[{"count":0,"href":"https:\/\/www.radioluna.it\/news\/wp-json\/wp\/v2\/posts\/208935\/revisions"}],"wp:featuredmedia":[{"embeddable":true,"href":"https:\/\/www.radioluna.it\/news\/wp-json\/wp\/v2\/media\/208937"}],"wp:attachment":[{"href":"https:\/\/www.radioluna.it\/news\/wp-json\/wp\/v2\/media?parent=208935"}],"wp:term":[{"taxonomy":"category","embeddable":true,"href":"https:\/\/www.radioluna.it\/news\/wp-json\/wp\/v2\/categories?post=208935"},{"taxonomy":"post_tag","embeddable":true,"href":"https:\/\/www.radioluna.it\/news\/wp-json\/wp\/v2\/tags?post=208935"}],"curies":[{"name":"wp","href":"https:\/\/api.w.org\/{rel}","templated":true}]}}