{"id":209181,"date":"2017-12-12T17:18:04","date_gmt":"2017-12-12T16:18:04","guid":{"rendered":"http:\/\/www.radioluna.it\/news\/?p=209181"},"modified":"2017-12-12T17:18:04","modified_gmt":"2017-12-12T16:18:04","slug":"per-gli-85-anni-latina-si-regala-il-nuovo-statuto-comunale","status":"publish","type":"post","link":"https:\/\/www.radioluna.it\/news\/2017\/12\/per-gli-85-anni-latina-si-regala-il-nuovo-statuto-comunale\/","title":{"rendered":"Per gli 85 anni, Latina si regala il nuovo Statuto comunale"},"content":{"rendered":"<div id=\"fb-root\"><\/div>\n<p style=\"text-align: justify;\"><strong><img loading=\"lazy\" decoding=\"async\" class=\"aligncenter size-thumbnail wp-image-209183\" src=\"http:\/\/www.radioluna.it\/news\/wp-content\/uploads\/2017\/12\/coletta-689x459.jpg\" alt=\"\" width=\"689\" height=\"459\" srcset=\"https:\/\/www.radioluna.it\/news\/wp-content\/uploads\/2017\/12\/coletta-689x459.jpg 689w, https:\/\/www.radioluna.it\/news\/wp-content\/uploads\/2017\/12\/coletta-300x200.jpg 300w, https:\/\/www.radioluna.it\/news\/wp-content\/uploads\/2017\/12\/coletta-768x511.jpg 768w, https:\/\/www.radioluna.it\/news\/wp-content\/uploads\/2017\/12\/coletta-1024x682.jpg 1024w, https:\/\/www.radioluna.it\/news\/wp-content\/uploads\/2017\/12\/coletta-500x333.jpg 500w, https:\/\/www.radioluna.it\/news\/wp-content\/uploads\/2017\/12\/coletta-800x533.jpg 800w, https:\/\/www.radioluna.it\/news\/wp-content\/uploads\/2017\/12\/coletta.jpg 1600w\" sizes=\"auto, (max-width: 689px) 100vw, 689px\" \/>LATINA<\/strong> &#8211; Quello vigente appartiene allo scorso Millennio. Dopo quasi un anno di lavoro in Commissione Affari Istituzionali arriva in Consiglio Comunale per l\u2019approvazione definitiva il nuovo Statuto del Comune di Latina e la data scelta, il 18 dicembre, non \u00e8 casuale: \u00e8 il Natale di Latina.<\/p>\n<p style=\"text-align: justify;\">L&#8217;assise \u00e8 stata convocata su richiesta del sindaco Damiano Coletta. \u00abL\u2019attuale Statuto risale al 1997\u00a0 &#8211;\u00a0spiega il Presidente dell\u2019assise civica Colazingari \u2013 \u00e8 un documento datato in quanto contiene riferimenti normativi non pi\u00f9 in essere. Con il nuovo testo regaliamo alla citt\u00e0 un documento adeguato nei contenuti al processo di evoluzione della societ\u00e0, in grado di assicurare coerenza tra la normativa statuaria e le mutate condizioni sociali, economiche e civili. Ed \u00e8 proprio per fare un regalo alla citt\u00e0 che il Sindaco ha fortemente voluto il passaggio in Consiglio comunale nel giorno in cui si celebra il Natale di Latina\u00bb.<\/p>\n<p style=\"text-align: justify;\">L&#8217;appuntamento \u00e8 per luned\u00ec una data significativa per il capoluogo pontino che festegger\u00e0 il suo 85esimo compleanno. A fare da contorno una serie di eventi organizzati dagli Assessorati alla Cultura e al Turismo per le festivit\u00e0 natalizie.<\/p>\n<p>&nbsp;<\/p>\n","protected":false},"excerpt":{"rendered":"<p>LATINA &#8211; Quello vigente appartiene allo scorso Millennio. Dopo quasi un anno di lavoro in Commissione Affari Istituzionali arriva in Consiglio Comunale per l\u2019approvazione definitiva il nuovo Statuto del Comune di Latina e la data scelta, il 18 dicembre, non \u00e8 casuale: \u00e8 il Natale di Latina. L&#8217;assise \u00e8 stata convocata su richiesta del sindaco [&hellip;]<\/p>\n","protected":false},"author":62,"featured_media":209183,"comment_status":"open","ping_status":"closed","sticky":false,"template":"","format":"standard","meta":{"footnotes":""},"categories":[8],"tags":[],"class_list":["post-209181","post","type-post","status-publish","format-standard","has-post-thumbnail","hentry","category-politica"],"_links":{"self":[{"href":"https:\/\/www.radioluna.it\/news\/wp-json\/wp\/v2\/posts\/209181","targetHints":{"allow":["GET"]}}],"collection":[{"href":"https:\/\/www.radioluna.it\/news\/wp-json\/wp\/v2\/posts"}],"about":[{"href":"https:\/\/www.radioluna.it\/news\/wp-json\/wp\/v2\/types\/post"}],"author":[{"embeddable":true,"href":"https:\/\/www.radioluna.it\/news\/wp-json\/wp\/v2\/users\/62"}],"replies":[{"embeddable":true,"href":"https:\/\/www.radioluna.it\/news\/wp-json\/wp\/v2\/comments?post=209181"}],"version-history":[{"count":0,"href":"https:\/\/www.radioluna.it\/news\/wp-json\/wp\/v2\/posts\/209181\/revisions"}],"wp:featuredmedia":[{"embeddable":true,"href":"https:\/\/www.radioluna.it\/news\/wp-json\/wp\/v2\/media\/209183"}],"wp:attachment":[{"href":"https:\/\/www.radioluna.it\/news\/wp-json\/wp\/v2\/media?parent=209181"}],"wp:term":[{"taxonomy":"category","embeddable":true,"href":"https:\/\/www.radioluna.it\/news\/wp-json\/wp\/v2\/categories?post=209181"},{"taxonomy":"post_tag","embeddable":true,"href":"https:\/\/www.radioluna.it\/news\/wp-json\/wp\/v2\/tags?post=209181"}],"curies":[{"name":"wp","href":"https:\/\/api.w.org\/{rel}","templated":true}]}}