{"id":209221,"date":"2017-12-13T12:14:29","date_gmt":"2017-12-13T11:14:29","guid":{"rendered":"http:\/\/www.radioluna.it\/news\/?p=209221"},"modified":"2017-12-13T14:54:23","modified_gmt":"2017-12-13T13:54:23","slug":"latina-e-il-caso-urbanistica-coletta-pochi-giorni-per-scegliere-il-successore-di-buttarelli","status":"publish","type":"post","link":"https:\/\/www.radioluna.it\/news\/2017\/12\/latina-e-il-caso-urbanistica-coletta-pochi-giorni-per-scegliere-il-successore-di-buttarelli\/","title":{"rendered":"Latina e il caso urbanistica, Coletta: &#8220;Pochi giorni per scegliere il successore di Buttarelli&#8221;"},"content":{"rendered":"<div id=\"fb-root\"><\/div>\n<p style=\"text-align: justify;\"><strong> <img loading=\"lazy\" decoding=\"async\" class=\"aligncenter size-thumbnail wp-image-209226\" src=\"http:\/\/www.radioluna.it\/news\/wp-content\/uploads\/2017\/12\/coletta-in-radio-689x365.jpg\" alt=\"\" width=\"689\" height=\"365\" srcset=\"https:\/\/www.radioluna.it\/news\/wp-content\/uploads\/2017\/12\/coletta-in-radio-689x365.jpg 689w, https:\/\/www.radioluna.it\/news\/wp-content\/uploads\/2017\/12\/coletta-in-radio-300x159.jpg 300w, https:\/\/www.radioluna.it\/news\/wp-content\/uploads\/2017\/12\/coletta-in-radio-768x407.jpg 768w, https:\/\/www.radioluna.it\/news\/wp-content\/uploads\/2017\/12\/coletta-in-radio-500x265.jpg 500w, https:\/\/www.radioluna.it\/news\/wp-content\/uploads\/2017\/12\/coletta-in-radio.jpg 775w\" sizes=\"auto, (max-width: 689px) 100vw, 689px\" \/>LATINA<\/strong> &#8211; &#8220;Andiamo avanti per la nostra strada che \u00e8 quella della legalit\u00e0 e guardiamo alla nomina della persona che prender\u00e0 il posto di Gianfranco Buttarelli, una scelta che deve essere oculata, ma celere. Ci prenderemo pochi giorni, forse le vacanze di Natale&#8221;.\u00a0 Il sindaco Damiano Coletta ha parlato questa mattina a Radio Luna nell&#8217;appuntamento settimanale Le Cose in Comune, della vicenda che ha visto l&#8217;arresto di uno degli assessori di riferimento della giunta. &#8220;Le dimissioni di Buttarelli sono arrivate subito e noi le abbiamo accettate. Era quello che mi aspettavo da lui &#8211;\u00a0 dice &#8211; ma vorrei ricordare ai pi\u00f9 distratti che Buttarelli \u00e8 indagato per fatti che riguardano il Comune di Cisterna e che sono avvenuti nel 2015&#8221;. Per la cronaca un appalto per la fornitura di attrezzature per il sistema di raccolta differenziata che il giudice, sulla base delle indagini svolte dai carabinieri nell&#8217;inchiesta Touchdown, ritiene si volesse pilotare in favore di un&#8217;azienda ciociara mediante il coinvolgimento di alcuni membri della commissione aggiudicatrice, tra cui appunto, Gianfranco Buttarelli. Il piano fallir\u00e0.<\/p>\n<p style=\"text-align: justify;\">&#8220;Qui noi stiamo combattendo un sistema e lo stiamo combattendo con gli strumenti e con le persone. Abbiamo usato tutta la buona fede possibile nello scegliere la squadra. Gianfranco Buttarelli aveva ottime referenze che arrivavano dagli ordini professionali degli architetti e degli ingegneri, un curriculum che fa di lui un esperto, in venti anni di attivit\u00e0 non aveva mai avuto un contenzioso per questioni di lavoro, \u00e8 membro dell&#8217;Istituto Nazionale dell&#8217;Urbanistica e mi piaceva la sua visione urbanistica. Era meglio che non accadesse, questo \u00e8 evidente, ma non mi sento in colpa. Posso rassicurare la citt\u00e0 e i cittadini che il comitato d&#8217;affari sta fuori dal Palazzo e la battaglia \u00e8 dura, ma la stiamo combattendo e il nostro impegno oggi \u00e8 ancora pi\u00f9 convinto. Sono inutili i tentativi di omologazione in basso &#8220;tanto so&#8217; tutti uguali&#8221;, ma io invece credo che la differenza sia netta e si percepisca tutti i giorni&#8221;.<\/p>\n<p style=\"text-align: justify;\">Intanto il settore Governo del Territorio si rafforza e arriveranno in Comune entro il 31 dicembre grazie allo scorrimento di graduatoria sa altri Comuni, due nuovi funzionari tecnici.\u00a0Coletta non si sbilancia sulla nomina del nuovo assessore: &#8220;Sar\u00e0 rapida non possiamo permetterci tempi lunghi. In questo nostro percorso abbiamo avuto a che fare con tante personalit\u00e0, e qualcuno abbiamo in mente. Il vestito \u00e8 esperienza, credibilit\u00e0, e una persona che non sia espressione di vecchi sistemi. La nostra fortuna \u00e8 che non dobbiamo ricevere nessuna telefonata dal partito&#8221;.<\/p>\n","protected":false},"excerpt":{"rendered":"<p>LATINA &#8211; &#8220;Andiamo avanti per la nostra strada che \u00e8 quella della legalit\u00e0 e guardiamo alla nomina della persona che prender\u00e0 il posto di Gianfranco Buttarelli, una scelta che deve essere oculata, ma celere. Ci prenderemo pochi giorni, forse le vacanze di Natale&#8221;.\u00a0 Il sindaco Damiano Coletta ha parlato questa mattina a Radio Luna nell&#8217;appuntamento [&hellip;]<\/p>\n","protected":false},"author":62,"featured_media":209226,"comment_status":"open","ping_status":"closed","sticky":false,"template":"","format":"standard","meta":{"footnotes":""},"categories":[2310,8],"tags":[],"class_list":["post-209221","post","type-post","status-publish","format-standard","has-post-thumbnail","hentry","category-audio","category-politica"],"_links":{"self":[{"href":"https:\/\/www.radioluna.it\/news\/wp-json\/wp\/v2\/posts\/209221","targetHints":{"allow":["GET"]}}],"collection":[{"href":"https:\/\/www.radioluna.it\/news\/wp-json\/wp\/v2\/posts"}],"about":[{"href":"https:\/\/www.radioluna.it\/news\/wp-json\/wp\/v2\/types\/post"}],"author":[{"embeddable":true,"href":"https:\/\/www.radioluna.it\/news\/wp-json\/wp\/v2\/users\/62"}],"replies":[{"embeddable":true,"href":"https:\/\/www.radioluna.it\/news\/wp-json\/wp\/v2\/comments?post=209221"}],"version-history":[{"count":0,"href":"https:\/\/www.radioluna.it\/news\/wp-json\/wp\/v2\/posts\/209221\/revisions"}],"wp:featuredmedia":[{"embeddable":true,"href":"https:\/\/www.radioluna.it\/news\/wp-json\/wp\/v2\/media\/209226"}],"wp:attachment":[{"href":"https:\/\/www.radioluna.it\/news\/wp-json\/wp\/v2\/media?parent=209221"}],"wp:term":[{"taxonomy":"category","embeddable":true,"href":"https:\/\/www.radioluna.it\/news\/wp-json\/wp\/v2\/categories?post=209221"},{"taxonomy":"post_tag","embeddable":true,"href":"https:\/\/www.radioluna.it\/news\/wp-json\/wp\/v2\/tags?post=209221"}],"curies":[{"name":"wp","href":"https:\/\/api.w.org\/{rel}","templated":true}]}}