{"id":209240,"date":"2017-12-13T13:23:59","date_gmt":"2017-12-13T12:23:59","guid":{"rendered":"http:\/\/www.radioluna.it\/news\/?p=209240"},"modified":"2017-12-28T06:04:01","modified_gmt":"2017-12-28T05:04:01","slug":"igersonair-tutti-pronti-per-scattidinatale17","status":"publish","type":"post","link":"https:\/\/www.radioluna.it\/news\/2017\/12\/igersonair-tutti-pronti-per-scattidinatale17\/","title":{"rendered":"#IgersonAir, tutti pronti per #ScattiDiNatale17"},"content":{"rendered":"<div id=\"fb-root\"><\/div>\n<p>[URIS id=209239]<\/p>\n<p><em>Nella gallery tutte le foto che hanno partecipato al concorso settimanale. In homepage la foto di Barbara Cicconi<\/em><\/p>\n<p style=\"text-align: justify;\"><strong>LATINA<\/strong> &#8211; In questa puntata di #IgersonAir Francesco Montefusco\u00a0 presenta la festa di Natale di IgersItalia che si svolger\u00e0 al mercato centrale a Roma, venerd\u00ec 15 dicembre che vedr\u00e0 premiati i sette vincitori italiani degli scatti pi\u00f9 belli dell&#8217;anno e lancia tra le iniziative on line, il contest natalizio che coinvolger\u00e0 tutte le community del Lazio: #ScattiDiNatale17.<br \/>\nAl microfono\u00a0 di Matteo Cerilli c&#8217;\u00e8 invece l&#8217;Iger of The Week di questa settimana, Barbara Cicconi, una delle estimatrici del Lago di Fogliano e dei suoi tramonti come \u00e8 facile intuire dalla foto in homepage che ha vointo il concorso settimanale degli IgersLatina.<\/p>\n<p style=\"text-align: justify;\"><strong>ASCOLTA<\/strong><\/p>\n<audio class=\"wp-audio-shortcode\" id=\"audio-209240-1\" preload=\"none\" style=\"width: 100%;\" controls=\"controls\"><source type=\"audio\/mpeg\" src=\"http:\/\/www.radioluna.it\/news\/wp-content\/uploads\/2017\/12\/igerslatina-per-sito-1.mp3?_=1\" \/><a href=\"http:\/\/www.radioluna.it\/news\/wp-content\/uploads\/2017\/12\/igerslatina-per-sito-1.mp3\">http:\/\/www.radioluna.it\/news\/wp-content\/uploads\/2017\/12\/igerslatina-per-sito-1.mp3<\/a><\/audio>\n","protected":false},"excerpt":{"rendered":"<p>[URIS id=209239] Nella gallery tutte le foto che hanno partecipato al concorso settimanale. In homepage la foto di Barbara Cicconi LATINA &#8211; In questa puntata di #IgersonAir Francesco Montefusco\u00a0 presenta la festa di Natale di IgersItalia che si svolger\u00e0 al mercato centrale a Roma, venerd\u00ec 15 dicembre che vedr\u00e0 premiati i sette vincitori italiani degli [&hellip;]<\/p>\n","protected":false},"author":60,"featured_media":212139,"comment_status":"open","ping_status":"closed","sticky":false,"template":"","format":"standard","meta":{"footnotes":""},"categories":[2421,2310,2311],"tags":[],"class_list":["post-209240","post","type-post","status-publish","format-standard","has-post-thumbnail","hentry","category-igersonair","category-audio","category-foto"],"_links":{"self":[{"href":"https:\/\/www.radioluna.it\/news\/wp-json\/wp\/v2\/posts\/209240","targetHints":{"allow":["GET"]}}],"collection":[{"href":"https:\/\/www.radioluna.it\/news\/wp-json\/wp\/v2\/posts"}],"about":[{"href":"https:\/\/www.radioluna.it\/news\/wp-json\/wp\/v2\/types\/post"}],"author":[{"embeddable":true,"href":"https:\/\/www.radioluna.it\/news\/wp-json\/wp\/v2\/users\/60"}],"replies":[{"embeddable":true,"href":"https:\/\/www.radioluna.it\/news\/wp-json\/wp\/v2\/comments?post=209240"}],"version-history":[{"count":0,"href":"https:\/\/www.radioluna.it\/news\/wp-json\/wp\/v2\/posts\/209240\/revisions"}],"wp:featuredmedia":[{"embeddable":true,"href":"https:\/\/www.radioluna.it\/news\/wp-json\/wp\/v2\/media\/212139"}],"wp:attachment":[{"href":"https:\/\/www.radioluna.it\/news\/wp-json\/wp\/v2\/media?parent=209240"}],"wp:term":[{"taxonomy":"category","embeddable":true,"href":"https:\/\/www.radioluna.it\/news\/wp-json\/wp\/v2\/categories?post=209240"},{"taxonomy":"post_tag","embeddable":true,"href":"https:\/\/www.radioluna.it\/news\/wp-json\/wp\/v2\/tags?post=209240"}],"curies":[{"name":"wp","href":"https:\/\/api.w.org\/{rel}","templated":true}]}}