{"id":209250,"date":"2017-12-13T14:13:48","date_gmt":"2017-12-13T13:13:48","guid":{"rendered":"http:\/\/www.radioluna.it\/news\/?p=209250"},"modified":"2017-12-13T14:13:48","modified_gmt":"2017-12-13T13:13:48","slug":"latina-passante-cerca-di-dividere-due-fratelli-arriva-la-madre-dei-ragazzi-e-lo-picchia","status":"publish","type":"post","link":"https:\/\/www.radioluna.it\/news\/2017\/12\/latina-passante-cerca-di-dividere-due-fratelli-arriva-la-madre-dei-ragazzi-e-lo-picchia\/","title":{"rendered":"Latina, passante cerca di dividere due fratelli, arriva la madre dei ragazzi e lo picchia"},"content":{"rendered":"<div id=\"fb-root\"><\/div>\n<p style=\"text-align: justify;\"><img loading=\"lazy\" decoding=\"async\" class=\"aligncenter size-full wp-image-155765\" src=\"http:\/\/www.radioluna.it\/news\/wp-content\/uploads\/2014\/09\/viale-mazzini-latina.jpg\" alt=\"\" width=\"600\" height=\"450\" srcset=\"https:\/\/www.radioluna.it\/news\/wp-content\/uploads\/2014\/09\/viale-mazzini-latina.jpg 600w, https:\/\/www.radioluna.it\/news\/wp-content\/uploads\/2014\/09\/viale-mazzini-latina-500x375.jpg 500w, https:\/\/www.radioluna.it\/news\/wp-content\/uploads\/2014\/09\/viale-mazzini-latina-300x225.jpg 300w\" sizes=\"auto, (max-width: 600px) 100vw, 600px\" \/><strong>LATINA<\/strong> &#8211; Parapiglia, ieri sera in Viale Mazzini\u00a0 a Latina dove due ragazzi di 15 e 17 anni si stavano picchiando. Ad intervenire per primo, cercando di separarli \u00e8 stato un uomo di mezza et\u00e0 che passeggiava con il cane. Poi, forse richiamata dalle urla \u00e8 intervenuta la madre dei ragazzi, che abita in zona e che, invece di aiutare l&#8217;uomo,\u00a0 lo ha picchiato. La scena \u00e8 avvenuta marted\u00ec sera intorno alle 20,15 alla presenza di altre persone che si trovavano sulla strada che dal Tribunale porta in piazza Dante. Alcuni testimoni hanno anche raccontato di una bambina di circa 10 anni presente ai fatti, che \u00e8 stata a sua volta malmenata. Sul posto sono arrivate dopo poco una volante della polizia e l&#8217;ambulanza.<\/p>\n<p>&nbsp;<\/p>\n<div class=\"radio-posizionamento-telefono-in-articoli-dopo-il-contenuto-articolo radio-entity-placement\" id=\"radio-1150147651\"><div id=\"radio-1591308134\"><a href=\"https:\/\/www.simeoneceramiche.com\/\" aria-label=\"SIMEONE CERAMICHE GIF animata per radioluna_Tavola disegno 1 copia 2 (online-video-cutter.com)\"><img loading=\"lazy\" decoding=\"async\" src=\"https:\/\/www.radioluna.it\/news\/wp-content\/uploads\/2025\/05\/SIMEONE-CERAMICHE-GIF-animata-per-radioluna_Tavola-disegno-1-copia-2-online-video-cutter.com_.gif\" alt=\"\"  width=\"300\" height=\"250\"   \/><\/a><\/div><\/div>","protected":false},"excerpt":{"rendered":"<p>LATINA &#8211; Parapiglia, ieri sera in Viale Mazzini\u00a0 a Latina dove due ragazzi di 15 e 17 anni si stavano picchiando. Ad intervenire per primo, cercando di separarli \u00e8 stato un uomo di mezza et\u00e0 che passeggiava con il cane. Poi, forse richiamata dalle urla \u00e8 intervenuta la madre dei ragazzi, che abita in zona [&hellip;]<\/p>\n","protected":false},"author":60,"featured_media":155765,"comment_status":"open","ping_status":"closed","sticky":false,"template":"","format":"standard","meta":{"footnotes":""},"categories":[7],"tags":[],"class_list":["post-209250","post","type-post","status-publish","format-standard","has-post-thumbnail","hentry","category-cronaca"],"_links":{"self":[{"href":"https:\/\/www.radioluna.it\/news\/wp-json\/wp\/v2\/posts\/209250","targetHints":{"allow":["GET"]}}],"collection":[{"href":"https:\/\/www.radioluna.it\/news\/wp-json\/wp\/v2\/posts"}],"about":[{"href":"https:\/\/www.radioluna.it\/news\/wp-json\/wp\/v2\/types\/post"}],"author":[{"embeddable":true,"href":"https:\/\/www.radioluna.it\/news\/wp-json\/wp\/v2\/users\/60"}],"replies":[{"embeddable":true,"href":"https:\/\/www.radioluna.it\/news\/wp-json\/wp\/v2\/comments?post=209250"}],"version-history":[{"count":0,"href":"https:\/\/www.radioluna.it\/news\/wp-json\/wp\/v2\/posts\/209250\/revisions"}],"wp:featuredmedia":[{"embeddable":true,"href":"https:\/\/www.radioluna.it\/news\/wp-json\/wp\/v2\/media\/155765"}],"wp:attachment":[{"href":"https:\/\/www.radioluna.it\/news\/wp-json\/wp\/v2\/media?parent=209250"}],"wp:term":[{"taxonomy":"category","embeddable":true,"href":"https:\/\/www.radioluna.it\/news\/wp-json\/wp\/v2\/categories?post=209250"},{"taxonomy":"post_tag","embeddable":true,"href":"https:\/\/www.radioluna.it\/news\/wp-json\/wp\/v2\/tags?post=209250"}],"curies":[{"name":"wp","href":"https:\/\/api.w.org\/{rel}","templated":true}]}}