{"id":209301,"date":"2017-12-14T08:48:47","date_gmt":"2017-12-14T07:48:47","guid":{"rendered":"http:\/\/www.radioluna.it\/news\/?p=209301"},"modified":"2017-12-14T08:48:47","modified_gmt":"2017-12-14T07:48:47","slug":"restauro-terminato-per-le-scalette-della-questura","status":"publish","type":"post","link":"https:\/\/www.radioluna.it\/news\/2017\/12\/restauro-terminato-per-le-scalette-della-questura\/","title":{"rendered":"Restauro terminato per le &#8220;scalette&#8221; della Questura"},"content":{"rendered":"<div id=\"fb-root\"><\/div>\n<div id=\"attachment_209302\" style=\"width: 699px\" class=\"wp-caption aligncenter\"><img loading=\"lazy\" decoding=\"async\" aria-describedby=\"caption-attachment-209302\" class=\"size-thumbnail wp-image-209302\" src=\"http:\/\/www.radioluna.it\/news\/wp-content\/uploads\/2017\/12\/tonino-689x517.jpg\" alt=\"\" width=\"689\" height=\"517\" srcset=\"https:\/\/www.radioluna.it\/news\/wp-content\/uploads\/2017\/12\/tonino-689x517.jpg 689w, https:\/\/www.radioluna.it\/news\/wp-content\/uploads\/2017\/12\/tonino-300x225.jpg 300w, https:\/\/www.radioluna.it\/news\/wp-content\/uploads\/2017\/12\/tonino-768x576.jpg 768w, https:\/\/www.radioluna.it\/news\/wp-content\/uploads\/2017\/12\/tonino-500x375.jpg 500w, https:\/\/www.radioluna.it\/news\/wp-content\/uploads\/2017\/12\/tonino-800x600.jpg 800w, https:\/\/www.radioluna.it\/news\/wp-content\/uploads\/2017\/12\/tonino.jpg 960w\" sizes=\"auto, (max-width: 689px) 100vw, 689px\" \/><p id=\"caption-attachment-209302\" class=\"wp-caption-text\">La scalinata della Questura (foto da Fb di Tonino Mirabella)<\/p><\/div>\n<p style=\"text-align: justify;\"><strong>LATINA &#8211;<\/strong> E&#8217; stata restaurata, ripulita dopo\u00a0anni di incuria, ed \u00e8 tornata bella, la scalinata della Questura, all&#8217;angolo tra Corso della Repubblica e Piazza Roma, uno dei palazzi di fondazione che \u00e8 necessario tutelare e conservare al meglio perch\u00e9 \u00e8 parte dell&#8217;identit\u00e0 architettonica di questa citt\u00e0. Un messaggio che rivolgiamo soprattutto ai maggiori fruitori delle &#8220;scalette&#8221;, i ragazzi, che le hanno scelte come punto naturale di ritrovo a pochi passi dalla zona dei pub. L&#8217;immagine del prima e del dopo \u00e8 stata pubblicata su Facebook dal fotografo Tonino Mirabella.<\/p>\n<p>&nbsp;<\/p>\n<div id=\"attachment_209303\" style=\"width: 699px\" class=\"wp-caption aligncenter\"><img loading=\"lazy\" decoding=\"async\" aria-describedby=\"caption-attachment-209303\" class=\"size-thumbnail wp-image-209303\" src=\"http:\/\/www.radioluna.it\/news\/wp-content\/uploads\/2017\/12\/prima-tonino-689x598.jpg\" alt=\"\" width=\"689\" height=\"598\" srcset=\"https:\/\/www.radioluna.it\/news\/wp-content\/uploads\/2017\/12\/prima-tonino-689x598.jpg 689w, https:\/\/www.radioluna.it\/news\/wp-content\/uploads\/2017\/12\/prima-tonino-300x260.jpg 300w, https:\/\/www.radioluna.it\/news\/wp-content\/uploads\/2017\/12\/prima-tonino-500x434.jpg 500w, https:\/\/www.radioluna.it\/news\/wp-content\/uploads\/2017\/12\/prima-tonino.jpg 718w\" sizes=\"auto, (max-width: 689px) 100vw, 689px\" \/><p id=\"caption-attachment-209303\" class=\"wp-caption-text\">Foto prima dei lavori di Tonino Mirabella<\/p><\/div>\n<div class=\"radio-posizionamento-telefono-in-articoli-dopo-il-contenuto-articolo radio-entity-placement\" id=\"radio-96552827\"><div id=\"radio-2146462766\"><a href=\"https:\/\/grupporedi.it\/\" aria-label=\"Redi-Qr\"><img loading=\"lazy\" decoding=\"async\" src=\"https:\/\/www.radioluna.it\/news\/wp-content\/uploads\/2026\/03\/Redi-Qr.jpg\" alt=\"\"  srcset=\"https:\/\/www.radioluna.it\/news\/wp-content\/uploads\/2026\/03\/Redi-Qr.jpg 800w, https:\/\/www.radioluna.it\/news\/wp-content\/uploads\/2026\/03\/Redi-Qr-768x639.jpg 768w\" sizes=\"(max-width: 800px) 100vw, 800px\" width=\"300\" height=\"250\"   \/><\/a><\/div><\/div>","protected":false},"excerpt":{"rendered":"<p>LATINA &#8211; E&#8217; stata restaurata, ripulita dopo\u00a0anni di incuria, ed \u00e8 tornata bella, la scalinata della Questura, all&#8217;angolo tra Corso della Repubblica e Piazza Roma, uno dei palazzi di fondazione che \u00e8 necessario tutelare e conservare al meglio perch\u00e9 \u00e8 parte dell&#8217;identit\u00e0 architettonica di questa citt\u00e0. Un messaggio che rivolgiamo soprattutto ai maggiori fruitori delle [&hellip;]<\/p>\n","protected":false},"author":62,"featured_media":209302,"comment_status":"open","ping_status":"closed","sticky":false,"template":"","format":"standard","meta":{"footnotes":""},"categories":[7],"tags":[],"class_list":["post-209301","post","type-post","status-publish","format-standard","has-post-thumbnail","hentry","category-cronaca"],"_links":{"self":[{"href":"https:\/\/www.radioluna.it\/news\/wp-json\/wp\/v2\/posts\/209301","targetHints":{"allow":["GET"]}}],"collection":[{"href":"https:\/\/www.radioluna.it\/news\/wp-json\/wp\/v2\/posts"}],"about":[{"href":"https:\/\/www.radioluna.it\/news\/wp-json\/wp\/v2\/types\/post"}],"author":[{"embeddable":true,"href":"https:\/\/www.radioluna.it\/news\/wp-json\/wp\/v2\/users\/62"}],"replies":[{"embeddable":true,"href":"https:\/\/www.radioluna.it\/news\/wp-json\/wp\/v2\/comments?post=209301"}],"version-history":[{"count":0,"href":"https:\/\/www.radioluna.it\/news\/wp-json\/wp\/v2\/posts\/209301\/revisions"}],"wp:featuredmedia":[{"embeddable":true,"href":"https:\/\/www.radioluna.it\/news\/wp-json\/wp\/v2\/media\/209302"}],"wp:attachment":[{"href":"https:\/\/www.radioluna.it\/news\/wp-json\/wp\/v2\/media?parent=209301"}],"wp:term":[{"taxonomy":"category","embeddable":true,"href":"https:\/\/www.radioluna.it\/news\/wp-json\/wp\/v2\/categories?post=209301"},{"taxonomy":"post_tag","embeddable":true,"href":"https:\/\/www.radioluna.it\/news\/wp-json\/wp\/v2\/tags?post=209301"}],"curies":[{"name":"wp","href":"https:\/\/api.w.org\/{rel}","templated":true}]}}