{"id":209307,"date":"2017-12-14T09:44:16","date_gmt":"2017-12-14T08:44:16","guid":{"rendered":"http:\/\/www.radioluna.it\/news\/?p=209307"},"modified":"2017-12-16T20:47:26","modified_gmt":"2017-12-16T19:47:26","slug":"servizi-alla-disabilita-il-tar-da-ragione-alla-coop-universiis-e-annulla-la-gara","status":"publish","type":"post","link":"https:\/\/www.radioluna.it\/news\/2017\/12\/servizi-alla-disabilita-il-tar-da-ragione-alla-coop-universiis-e-annulla-la-gara\/","title":{"rendered":"Servizi alla disabilit\u00e0, il Tar d\u00e0 ragione alla Coop Universiis e annulla la gara"},"content":{"rendered":"<div id=\"fb-root\"><\/div>\n<p style=\"text-align: justify;\"><strong><img loading=\"lazy\" decoding=\"async\" class=\"alignleft wp-image-192800 size-full\" src=\"http:\/\/www.radioluna.it\/news\/wp-content\/uploads\/2017\/04\/ciccarelli-1.jpg\" alt=\"\" width=\"375\" height=\"285\" srcset=\"https:\/\/www.radioluna.it\/news\/wp-content\/uploads\/2017\/04\/ciccarelli-1.jpg 375w, https:\/\/www.radioluna.it\/news\/wp-content\/uploads\/2017\/04\/ciccarelli-1-300x228.jpg 300w\" sizes=\"auto, (max-width: 375px) 100vw, 375px\" \/>LATINA<\/strong> &#8211; E&#8217; arrivata la decisione del Tar sul ricorso dalla cooperativa Universiis che ha gestito per anni nel capoluogo \u00a0i\u00a0 servizi integrati di sostegno e di aiuto alla disabilit\u00e0 (assistenza a scuola, a casa e nei centri diurni) e di assistenza agli anziani e ai minori. I giudici del Tribunale amministrativo hanno accolto il ricorso che riguarda il lotto &#8220;servizi alla disabilit\u00e0&#8221; e annullato l&#8217;assegnazione dell&#8217;appalto alla Osa, subentrata alla prima a primavera scorsa.<\/p>\n<p style=\"text-align: justify;\">La sentenza del Tar (che aveva gi\u00e0 concesso la sospensiva poi annullata dal Consiglio di Stato su ricorso del Comune)\u00a0 evidenzia come i criteri usati dall&#8217;amministrazione comunale di Latina difettino di motivazioni &#8220;la cui assenza rende certamente illogica la conclusione a cui \u00e8 pervenuta la commissione&#8221;. La coop Universiis ne risulta cos\u00ec penalizzata. I giudici entrano poi nello specifico e sottolineano che il punteggio massimo \u00e8 stato attribuito alla aggiudicataria Osa nonostante questa avesse offerto meno ore di formazione sia obbligatoria che facoltativa, &#8220;come detto in difetto di criteri motivazionali&#8221;.<\/p>\n<p style=\"text-align: justify;\"><strong>RIUNIONE IN COMUNE ALLE 11\u00a0<\/strong> &#8211; &#8220;Siamo gi\u00e0 al lavoro per individuare la soluzione migliore possibile per garantire quello che ci sta pi\u00f9 a cuore: la continuit\u00e0 del servizio e la stabilit\u00e0 dei posti di lavoro che sono tanti, quasi 300 &#8211; dice l&#8217;assessora alle politiche sociali Patrizia Ciccarelli &#8211; Alle 11 abbiamo una riunione con i Servizi interessati e con l&#8217;Avvocatura per prendere le decisioni conseguenti. Vorrei per\u00f2 sottolineare\u00a0 &#8211; aggiunge l&#8217;assessora &#8211; che la sentenza del Tar non\u00a0mette in discussione l&#8217;indirizzo politico che \u00e8 alla base dell&#8217;impianto dato alla gara, ma viene messo in discussione l&#8217;aspetto tecnico del lavoro della commissione sull&#8217;aggiudicazione di un solo lotto e in particolare sull&#8217;aspetto dell&#8217;attivit\u00e0 di formazione degli operatori. La valutazione secondo quanto previsto dal\u00a0 bando doveva essere qualitativa e non quantitativa. I giudici, in assenza di motivazione, hanno utilizzato il criterio quantitativo. Ne prendiamo atto e su questo faremo oggi le nostre valutazioni&#8221;<\/p>\n<p style=\"text-align: justify;\"><strong>FORZA ITALIA: COMUNE APPROSSIMATIVO<\/strong> &#8211;\u00a0\u201cIl Tar cha ha annullato l\u2019aggiudicazione della gara per i servizi sociali relativamente al Lotto 1 inerente i servizi per i disabili dimostra con quanta approssimazione si svolgano compiti cos\u00ec delicati nel Comune di Latina\u201d, cos\u00ec Giorgio Ialongo, Giovanna Miele e Alessandro Calvi, consiglieri comunali di Forza Italia a Latina. \u201cCi preme ribadire innanzitutto i nostri dubbi rispetto alla scelta dello spacchettamento. La divisione della gara in tre lotti, lo abbiamo detto in tempi non sospetti, poteva portare ad altrettanti ricorsi. Sul Lotto 1, abbiamo avuto ragione\u201d, dicono i tre esponenti di Forza Italia.<\/p>\n<p style=\"text-align: justify;\">\u201cSul piano amministrativo &#8211; continuano -, quello che emerge dalla sentenza, \u00e8 che la commissione che ha attribuito i punteggi e assegnato il bando ad OSA, ha seguito criteri che i giudici hanno definito illogici e immotivati. In pratica, ci spiega la sentenza, senza nessuna motivazione, si \u00e8 premiata la cooperativa che ha presentato una offerta minore in ore di formazione, a scapito della Universiis che per questo ha fatto ricorso. Detto in parole pi\u00f9 semplici: la commissione ha voluto premiare chi offriva meno servizi\u201d.<\/p>\n<div class=\"radio-posizionamento-telefono-in-articoli-dopo-il-contenuto-articolo radio-entity-placement\" id=\"radio-1100440870\"><div id=\"radio-1187908999\" style=\"width: 300px;height: 250px;\"><a href=\"https:\/\/www.icarspa.it\/auto\/usate\/latina\/\" aria-label=\"banner aprile icar new life &#8211; auto usate latina\"><img loading=\"lazy\" decoding=\"async\" src=\"https:\/\/www.radioluna.it\/news\/wp-content\/uploads\/2026\/02\/banner-aprile-icar-new-life-auto-usate-latina.gif\" alt=\"\"  width=\"300\" height=\"250\"   \/><\/a><\/div><\/div>","protected":false},"excerpt":{"rendered":"<p>LATINA &#8211; E&#8217; arrivata la decisione del Tar sul ricorso dalla cooperativa Universiis che ha gestito per anni nel capoluogo \u00a0i\u00a0 servizi integrati di sostegno e di aiuto alla disabilit\u00e0 (assistenza a scuola, a casa e nei centri diurni) e di assistenza agli anziani e ai minori. I giudici del Tribunale amministrativo hanno accolto il [&hellip;]<\/p>\n","protected":false},"author":62,"featured_media":192800,"comment_status":"open","ping_status":"closed","sticky":false,"template":"","format":"standard","meta":{"footnotes":""},"categories":[7],"tags":[],"class_list":["post-209307","post","type-post","status-publish","format-standard","has-post-thumbnail","hentry","category-cronaca"],"_links":{"self":[{"href":"https:\/\/www.radioluna.it\/news\/wp-json\/wp\/v2\/posts\/209307","targetHints":{"allow":["GET"]}}],"collection":[{"href":"https:\/\/www.radioluna.it\/news\/wp-json\/wp\/v2\/posts"}],"about":[{"href":"https:\/\/www.radioluna.it\/news\/wp-json\/wp\/v2\/types\/post"}],"author":[{"embeddable":true,"href":"https:\/\/www.radioluna.it\/news\/wp-json\/wp\/v2\/users\/62"}],"replies":[{"embeddable":true,"href":"https:\/\/www.radioluna.it\/news\/wp-json\/wp\/v2\/comments?post=209307"}],"version-history":[{"count":0,"href":"https:\/\/www.radioluna.it\/news\/wp-json\/wp\/v2\/posts\/209307\/revisions"}],"wp:featuredmedia":[{"embeddable":true,"href":"https:\/\/www.radioluna.it\/news\/wp-json\/wp\/v2\/media\/192800"}],"wp:attachment":[{"href":"https:\/\/www.radioluna.it\/news\/wp-json\/wp\/v2\/media?parent=209307"}],"wp:term":[{"taxonomy":"category","embeddable":true,"href":"https:\/\/www.radioluna.it\/news\/wp-json\/wp\/v2\/categories?post=209307"},{"taxonomy":"post_tag","embeddable":true,"href":"https:\/\/www.radioluna.it\/news\/wp-json\/wp\/v2\/tags?post=209307"}],"curies":[{"name":"wp","href":"https:\/\/api.w.org\/{rel}","templated":true}]}}