{"id":209438,"date":"2017-12-16T12:01:23","date_gmt":"2017-12-16T11:01:23","guid":{"rendered":"http:\/\/www.radioluna.it\/news\/?p=209438"},"modified":"2017-12-16T12:01:23","modified_gmt":"2017-12-16T11:01:23","slug":"touchdown-ultimi-interrogatori-in-carcere-parla-soltanto-iacovacci","status":"publish","type":"post","link":"https:\/\/www.radioluna.it\/news\/2017\/12\/touchdown-ultimi-interrogatori-in-carcere-parla-soltanto-iacovacci\/","title":{"rendered":"Touchdown, ultimi interrogatori in carcere: parla soltanto Iacovacci"},"content":{"rendered":"<div id=\"fb-root\"><\/div>\n<p><img loading=\"lazy\" decoding=\"async\" class=\"aligncenter wp-image-209275 size-thumbnail\" src=\"http:\/\/www.radioluna.it\/news\/wp-content\/uploads\/2017\/12\/089bc321-2675-4d66-bdbe-fde0994cb074-689x459.jpg\" alt=\"\" width=\"689\" height=\"459\" \/><\/p>\n<p style=\"text-align: justify;\"><strong>LATINA<\/strong> &#8211;\u00a0Ultima tranche di interrogatori in carcere per gli indagati coinvolti nell&#8217;inchiesta Touchdown. L&#8217;unico a parlare \u00e8 stato Americo Iacovacci che ha risposto al giudice per le indagini preliminari Giuseppe Cario cercando di chiarire la sua posizione contestata nell&#8217;ordinanza di custodia cautelare. E&#8217; stato posticipato invece l&#8217;interrogatorio di Alvaro Mastrantoni, ex vicesindaco di Cisterna che ha accusato un malore in carcere e che \u00e8 stato portato in ospedale al Santa Maria Goretti ed \u00e8 stato sottoposto ad un intervento al cuore. Si sono avvalsi della facolt\u00e0 di non rispondere anche l&#8217;imprenditore Raffaele Del Prete e Andrea Caiazzo. Gli interrogatori proseguiranno poi a partire da marted\u00ec con gli indagati che sono detenuti agli arresti domiciliari. Il prossimo passo poi da parte delle difese sar\u00e0 il Riesame.<\/p>\n<div class=\"radio-posizionamento-telefono-in-articoli-dopo-il-contenuto-articolo radio-entity-placement\" id=\"radio-1989408238\"><div id=\"radio-18429930\"><a href=\"https:\/\/grupporedi.it\/\" aria-label=\"Redi-Qr\"><img loading=\"lazy\" decoding=\"async\" src=\"https:\/\/www.radioluna.it\/news\/wp-content\/uploads\/2026\/03\/Redi-Qr.jpg\" alt=\"\"  srcset=\"https:\/\/www.radioluna.it\/news\/wp-content\/uploads\/2026\/03\/Redi-Qr.jpg 800w, https:\/\/www.radioluna.it\/news\/wp-content\/uploads\/2026\/03\/Redi-Qr-768x639.jpg 768w\" sizes=\"(max-width: 800px) 100vw, 800px\" width=\"300\" height=\"250\"   \/><\/a><\/div><\/div>","protected":false},"excerpt":{"rendered":"<p>LATINA &#8211;\u00a0Ultima tranche di interrogatori in carcere per gli indagati coinvolti nell&#8217;inchiesta Touchdown. L&#8217;unico a parlare \u00e8 stato Americo Iacovacci che ha risposto al giudice per le indagini preliminari Giuseppe Cario cercando di chiarire la sua posizione contestata nell&#8217;ordinanza di custodia cautelare. E&#8217; stato posticipato invece l&#8217;interrogatorio di Alvaro Mastrantoni, ex vicesindaco di Cisterna che [&hellip;]<\/p>\n","protected":false},"author":60,"featured_media":0,"comment_status":"open","ping_status":"closed","sticky":false,"template":"","format":"standard","meta":{"footnotes":""},"categories":[7],"tags":[],"class_list":["post-209438","post","type-post","status-publish","format-standard","hentry","category-cronaca"],"_links":{"self":[{"href":"https:\/\/www.radioluna.it\/news\/wp-json\/wp\/v2\/posts\/209438","targetHints":{"allow":["GET"]}}],"collection":[{"href":"https:\/\/www.radioluna.it\/news\/wp-json\/wp\/v2\/posts"}],"about":[{"href":"https:\/\/www.radioluna.it\/news\/wp-json\/wp\/v2\/types\/post"}],"author":[{"embeddable":true,"href":"https:\/\/www.radioluna.it\/news\/wp-json\/wp\/v2\/users\/60"}],"replies":[{"embeddable":true,"href":"https:\/\/www.radioluna.it\/news\/wp-json\/wp\/v2\/comments?post=209438"}],"version-history":[{"count":0,"href":"https:\/\/www.radioluna.it\/news\/wp-json\/wp\/v2\/posts\/209438\/revisions"}],"wp:attachment":[{"href":"https:\/\/www.radioluna.it\/news\/wp-json\/wp\/v2\/media?parent=209438"}],"wp:term":[{"taxonomy":"category","embeddable":true,"href":"https:\/\/www.radioluna.it\/news\/wp-json\/wp\/v2\/categories?post=209438"},{"taxonomy":"post_tag","embeddable":true,"href":"https:\/\/www.radioluna.it\/news\/wp-json\/wp\/v2\/tags?post=209438"}],"curies":[{"name":"wp","href":"https:\/\/api.w.org\/{rel}","templated":true}]}}