{"id":209616,"date":"2017-12-19T13:04:13","date_gmt":"2017-12-19T12:04:13","guid":{"rendered":"http:\/\/www.radioluna.it\/news\/?p=209616"},"modified":"2017-12-19T13:04:13","modified_gmt":"2017-12-19T12:04:13","slug":"garantire-le-produzioni-agricole-nellarea-del-parco-e-sostenere-la-biodiversita-si-puo","status":"publish","type":"post","link":"https:\/\/www.radioluna.it\/news\/2017\/12\/garantire-le-produzioni-agricole-nellarea-del-parco-e-sostenere-la-biodiversita-si-puo\/","title":{"rendered":"Garantire le produzioni agricole nell&#8217;area del Parco e sostenere la biodiversit\u00e0: si pu\u00f2"},"content":{"rendered":"<div id=\"fb-root\"><\/div>\n<p style=\"text-align: justify;\"><strong><img loading=\"lazy\" decoding=\"async\" class=\"aligncenter size-thumbnail wp-image-167611\" src=\"http:\/\/www.radioluna.it\/news\/wp-content\/uploads\/2015\/08\/vista-sul-lago-di-Paola-635x357.jpg\" alt=\"\" width=\"635\" height=\"357\" \/>LATINA<\/strong> &#8211;\u00a0&#8220;Garantire le produzioni agricole, sostenere la biodiversit\u00e0&#8221;. Se ne parler\u00e0 mercoled\u00ec 20 dicembre, a partire dalla 9, nell&#8217;Auditorium del Centro visitatori del\u00a0Parco Nazionale del Circeo dove prender\u00e0 il via, con la collaborazione di\u00a0ISPRA, una giornata di incontro tecnico-divulgativa sulle attivit\u00e0 agricole, la tutela della Biodiversit\u00e0 e dell&#8217;ambiente acquatico nelle Zone Ramsar del Parco Nazionale del Circeo dal titolo e l&#8217;uso sostenibile dei prodotti fotosanitari.<\/p>\n<p style=\"text-align: justify;\">Le azioni avviate in ogni caso &#8211; sottolineano dall&#8217;Ente Parco &#8211; non si fermeranno, ma andranno avanti nell&#8217;approfondimento della problematica e sulla possibile operativit\u00e0 di raggiungere risultati concreti anche attraverso la ricerca e il sostegno di strumenti finanziari come quelli della Regione Lazio attraverso il Piano di Svilippo Rurale 2014\/2020.<\/p>\n<p style=\"text-align: justify;\">Esiste infatti un Piano d&#8217;Azione Nazionale per regolamentare l&#8217;uso di prodotti pericolosi per gli ecosistemi acquatici e il Ministero dell&#8217;ambiente ha affidato ad ISPRA un progetto, da svolgere in collaborazione con 6 enti gestori di Zone Ramsar (come il Parco del Circeo) per valutare l&#8217;uso dei prodotti fitosanitari, le criticit\u00e0 e le necessit\u00e0 delle aziende per realizzare un&#8217;agricoltura compatibile con la tutela della biodiversit\u00e0 e delle funzioni degli ecosistemi acquatici, fra cui quelli legati alla fornitura di acqua di buona qualit\u00e0 &#8211; spiega il direttore del Parco Paolo Cassola &#8211; . Al progetto collabora anche il CREA, in particolare per l&#8217;individuazione delle misure dei Piani di Sviluppo Rurale (PSR), per lo sviluppo di un&#8217;agricoltura di qualit\u00e0.\u00a0 E a Sabaudia, la collaborazione con gli agricoltori gi\u00e0 avviata, ha permesso di effettuare un primo screening sulla tipologia di attivit\u00e0 effettuata nell&#8217;area Ramsar del Lago di Paola.<\/p>\n<p style=\"text-align: justify;\">L&#8217;appuntamento \u00e8 promosso da dall&#8217;Ente Parco Nazionale del Circeo, con la collaborazione ed il Patrocinio di ISPRA, del\u00a0Ministero dell&#8217;ambiente e della tutela del territorio e del mare, della\u00a0Rete Rurale Nazionale 2014\/2020, del\u00a0CREA &#8211; Consiglio per la ricerca in agricoltura e l&#8217;analisi dell&#8217;economia agraria, della\u00a0Regione Lazio.<\/p>\n<div class=\"radio-posizionamento-telefono-in-articoli-dopo-il-contenuto-articolo radio-entity-placement\" id=\"radio-2566480327\"><div id=\"radio-608640869\"><a href=\"https:\/\/grupporedi.it\/\" aria-label=\"Redi-Qr\"><img loading=\"lazy\" decoding=\"async\" src=\"https:\/\/www.radioluna.it\/news\/wp-content\/uploads\/2026\/03\/Redi-Qr.jpg\" alt=\"\"  srcset=\"https:\/\/www.radioluna.it\/news\/wp-content\/uploads\/2026\/03\/Redi-Qr.jpg 800w, https:\/\/www.radioluna.it\/news\/wp-content\/uploads\/2026\/03\/Redi-Qr-768x639.jpg 768w\" sizes=\"(max-width: 800px) 100vw, 800px\" width=\"300\" height=\"250\"   \/><\/a><\/div><\/div>","protected":false},"excerpt":{"rendered":"<p>LATINA &#8211;\u00a0&#8220;Garantire le produzioni agricole, sostenere la biodiversit\u00e0&#8221;. Se ne parler\u00e0 mercoled\u00ec 20 dicembre, a partire dalla 9, nell&#8217;Auditorium del Centro visitatori del\u00a0Parco Nazionale del Circeo dove prender\u00e0 il via, con la collaborazione di\u00a0ISPRA, una giornata di incontro tecnico-divulgativa sulle attivit\u00e0 agricole, la tutela della Biodiversit\u00e0 e dell&#8217;ambiente acquatico nelle Zone Ramsar del Parco Nazionale [&hellip;]<\/p>\n","protected":false},"author":62,"featured_media":0,"comment_status":"open","ping_status":"closed","sticky":false,"template":"","format":"standard","meta":{"footnotes":""},"categories":[12],"tags":[],"class_list":["post-209616","post","type-post","status-publish","format-standard","hentry","category-ambiente"],"_links":{"self":[{"href":"https:\/\/www.radioluna.it\/news\/wp-json\/wp\/v2\/posts\/209616","targetHints":{"allow":["GET"]}}],"collection":[{"href":"https:\/\/www.radioluna.it\/news\/wp-json\/wp\/v2\/posts"}],"about":[{"href":"https:\/\/www.radioluna.it\/news\/wp-json\/wp\/v2\/types\/post"}],"author":[{"embeddable":true,"href":"https:\/\/www.radioluna.it\/news\/wp-json\/wp\/v2\/users\/62"}],"replies":[{"embeddable":true,"href":"https:\/\/www.radioluna.it\/news\/wp-json\/wp\/v2\/comments?post=209616"}],"version-history":[{"count":0,"href":"https:\/\/www.radioluna.it\/news\/wp-json\/wp\/v2\/posts\/209616\/revisions"}],"wp:attachment":[{"href":"https:\/\/www.radioluna.it\/news\/wp-json\/wp\/v2\/media?parent=209616"}],"wp:term":[{"taxonomy":"category","embeddable":true,"href":"https:\/\/www.radioluna.it\/news\/wp-json\/wp\/v2\/categories?post=209616"},{"taxonomy":"post_tag","embeddable":true,"href":"https:\/\/www.radioluna.it\/news\/wp-json\/wp\/v2\/tags?post=209616"}],"curies":[{"name":"wp","href":"https:\/\/api.w.org\/{rel}","templated":true}]}}