{"id":212522,"date":"2018-01-01T15:42:19","date_gmt":"2018-01-01T14:42:19","guid":{"rendered":"http:\/\/www.radioluna.it\/news\/?p=212522"},"modified":"2018-01-02T13:36:51","modified_gmt":"2018-01-02T12:36:51","slug":"e-lucrezia-la-prima-nata-del-2018","status":"publish","type":"post","link":"https:\/\/www.radioluna.it\/news\/2018\/01\/e-lucrezia-la-prima-nata-del-2018\/","title":{"rendered":"E&#8217; Lucrezia la prima nata del 2018. A Latina il primo nato \u00e8 Eakan"},"content":{"rendered":"<div id=\"fb-root\"><\/div>\n<p style=\"text-align: justify;\"><b>LATINA<\/b> \u2013 Si chiama Lucrezia ed \u00e8 nata nove secondi dopo la mezzanotte, \u00e8 tra le prime in Italia, la piccola venuta alla luce all\u2019ospedale Dono Svizzero di Formia. E\u2019 la prima figlia per Eleonora e Filippo una coppia di Minturno. Lucrezia \u00e8 stata la prima a nascere in provincia di Latina e l\u2019equipe che ha seguito il parto era composto dai dottori: Polidori, Maragno, Maggiacomo dall\u2019ostetrica Bleve e dagli infermieri De Filippis e Nocella.<\/p>\n<p style=\"text-align: justify;\"><strong> A Latina invece al Santa Maria Goretti,<\/strong> il primo nato si \u00e8 fatto attendere. E&#8217; un bambino indiano venuto alla luce alle 11,20 del primo gennaio. Il parto \u00e8 stato seguito dallo staff composto dai medici Emanuela Coluzzi e Angela Perugini, dall&#8217;infermiera Quinto e dalle ostetriche Luccone e Gasbarra.<\/p>\n<p style=\"text-align: justify;\">E&#8217; straniero anche l&#8217;ultimo nato del 2017, Rayan \u00e8 nato alle 21 del 31 dicembre. La mamma \u00e8 romena e il pap\u00e0 \u00e8 di origine magrebina.<a href=\"http:\/\/www.radioluna.it\/news\/wp-content\/uploads\/2018\/01\/ultimo-nato-2017-latina.jpg\"><img loading=\"lazy\" decoding=\"async\" class=\"aligncenter wp-image-212568 size-full\" src=\"http:\/\/www.radioluna.it\/news\/wp-content\/uploads\/2018\/01\/ultimo-nato-2017-latina.jpg\" alt=\"\" width=\"1024\" height=\"681\" srcset=\"https:\/\/www.radioluna.it\/news\/wp-content\/uploads\/2018\/01\/ultimo-nato-2017-latina.jpg 1024w, https:\/\/www.radioluna.it\/news\/wp-content\/uploads\/2018\/01\/ultimo-nato-2017-latina-300x200.jpg 300w, https:\/\/www.radioluna.it\/news\/wp-content\/uploads\/2018\/01\/ultimo-nato-2017-latina-768x511.jpg 768w, https:\/\/www.radioluna.it\/news\/wp-content\/uploads\/2018\/01\/ultimo-nato-2017-latina-500x333.jpg 500w, https:\/\/www.radioluna.it\/news\/wp-content\/uploads\/2018\/01\/ultimo-nato-2017-latina-600x400.jpg 600w\" sizes=\"auto, (max-width: 1024px) 100vw, 1024px\" \/><\/a><\/p>\n","protected":false},"excerpt":{"rendered":"<p>LATINA \u2013 Si chiama Lucrezia ed \u00e8 nata nove secondi dopo la mezzanotte, \u00e8 tra le prime in Italia, la piccola venuta alla luce all\u2019ospedale Dono Svizzero di Formia. E\u2019 la prima figlia per Eleonora e Filippo una coppia di Minturno. Lucrezia \u00e8 stata la prima a nascere in provincia di Latina e l\u2019equipe che [&hellip;]<\/p>\n","protected":false},"author":62,"featured_media":212567,"comment_status":"open","ping_status":"open","sticky":false,"template":"","format":"standard","meta":{"footnotes":""},"categories":[7,2311],"tags":[],"class_list":["post-212522","post","type-post","status-publish","format-standard","has-post-thumbnail","hentry","category-cronaca","category-foto"],"_links":{"self":[{"href":"https:\/\/www.radioluna.it\/news\/wp-json\/wp\/v2\/posts\/212522","targetHints":{"allow":["GET"]}}],"collection":[{"href":"https:\/\/www.radioluna.it\/news\/wp-json\/wp\/v2\/posts"}],"about":[{"href":"https:\/\/www.radioluna.it\/news\/wp-json\/wp\/v2\/types\/post"}],"author":[{"embeddable":true,"href":"https:\/\/www.radioluna.it\/news\/wp-json\/wp\/v2\/users\/62"}],"replies":[{"embeddable":true,"href":"https:\/\/www.radioluna.it\/news\/wp-json\/wp\/v2\/comments?post=212522"}],"version-history":[{"count":0,"href":"https:\/\/www.radioluna.it\/news\/wp-json\/wp\/v2\/posts\/212522\/revisions"}],"wp:featuredmedia":[{"embeddable":true,"href":"https:\/\/www.radioluna.it\/news\/wp-json\/wp\/v2\/media\/212567"}],"wp:attachment":[{"href":"https:\/\/www.radioluna.it\/news\/wp-json\/wp\/v2\/media?parent=212522"}],"wp:term":[{"taxonomy":"category","embeddable":true,"href":"https:\/\/www.radioluna.it\/news\/wp-json\/wp\/v2\/categories?post=212522"},{"taxonomy":"post_tag","embeddable":true,"href":"https:\/\/www.radioluna.it\/news\/wp-json\/wp\/v2\/tags?post=212522"}],"curies":[{"name":"wp","href":"https:\/\/api.w.org\/{rel}","templated":true}]}}