{"id":212525,"date":"2018-01-01T18:25:58","date_gmt":"2018-01-01T17:25:58","guid":{"rendered":"http:\/\/www.radioluna.it\/news\/?p=212525"},"modified":"2018-01-02T13:34:24","modified_gmt":"2018-01-02T12:34:24","slug":"incidente-mortale-sulla-pontina-a-latina","status":"publish","type":"post","link":"https:\/\/www.radioluna.it\/news\/2018\/01\/incidente-mortale-sulla-pontina-a-latina\/","title":{"rendered":"Incidente mortale sulla Pontina a Latina"},"content":{"rendered":"<div id=\"fb-root\"><\/div>\n<p style=\"text-align: justify;\"><img loading=\"lazy\" decoding=\"async\" class=\"aligncenter size-full wp-image-212530\" src=\"http:\/\/www.radioluna.it\/news\/wp-content\/uploads\/2018\/01\/WhatsApp-Image-2018-01-01-at-18.34.54.jpeg\" alt=\"\" width=\"1600\" height=\"900\" srcset=\"https:\/\/www.radioluna.it\/news\/wp-content\/uploads\/2018\/01\/WhatsApp-Image-2018-01-01-at-18.34.54.jpeg 1600w, https:\/\/www.radioluna.it\/news\/wp-content\/uploads\/2018\/01\/WhatsApp-Image-2018-01-01-at-18.34.54-300x169.jpeg 300w, https:\/\/www.radioluna.it\/news\/wp-content\/uploads\/2018\/01\/WhatsApp-Image-2018-01-01-at-18.34.54-768x432.jpeg 768w, https:\/\/www.radioluna.it\/news\/wp-content\/uploads\/2018\/01\/WhatsApp-Image-2018-01-01-at-18.34.54-1024x576.jpeg 1024w, https:\/\/www.radioluna.it\/news\/wp-content\/uploads\/2018\/01\/WhatsApp-Image-2018-01-01-at-18.34.54-500x281.jpeg 500w\" sizes=\"auto, (max-width: 1600px) 100vw, 1600px\" \/><\/p>\n<p style=\"text-align: justify;\"><strong>LATINA<\/strong> &#8211; Un drammatico incidente stradale \u00e8 avvenuto nel pomeriggio di oggi a Latina sulla Pontina a poca distanza dallo svincolo per il quartiere Q4 con viale Paganini. Un uomo di 45 anni originario dell&#8217;Ucraina alla guida di una Citroen Saxo ha urtato i guardraill in plastica, la vettura ha iniziato a sbandare e poi si \u00e8 ribaltata. Subito \u00e8 scattato l&#8217;allarme al 118 e ai vigili del fuoco per l&#8217;uomo non c&#8217;era pi\u00f9 nulla da fare. La dinamica dell&#8217;incidente \u00e8 in fase di ricostruzione da parte della polizia stradale. Moltissimi i disagi, la strada \u00e8 stata bloccata e poi in serata il traffico \u00e8 tornato alla normalit\u00e0.<\/p>\n","protected":false},"excerpt":{"rendered":"<p>LATINA &#8211; Un drammatico incidente stradale \u00e8 avvenuto nel pomeriggio di oggi a Latina sulla Pontina a poca distanza dallo svincolo per il quartiere Q4 con viale Paganini. Un uomo di 45 anni originario dell&#8217;Ucraina alla guida di una Citroen Saxo ha urtato i guardraill in plastica, la vettura ha iniziato a sbandare e poi [&hellip;]<\/p>\n","protected":false},"author":62,"featured_media":212526,"comment_status":"open","ping_status":"open","sticky":false,"template":"","format":"standard","meta":{"footnotes":""},"categories":[7],"tags":[],"class_list":["post-212525","post","type-post","status-publish","format-standard","has-post-thumbnail","hentry","category-cronaca"],"_links":{"self":[{"href":"https:\/\/www.radioluna.it\/news\/wp-json\/wp\/v2\/posts\/212525","targetHints":{"allow":["GET"]}}],"collection":[{"href":"https:\/\/www.radioluna.it\/news\/wp-json\/wp\/v2\/posts"}],"about":[{"href":"https:\/\/www.radioluna.it\/news\/wp-json\/wp\/v2\/types\/post"}],"author":[{"embeddable":true,"href":"https:\/\/www.radioluna.it\/news\/wp-json\/wp\/v2\/users\/62"}],"replies":[{"embeddable":true,"href":"https:\/\/www.radioluna.it\/news\/wp-json\/wp\/v2\/comments?post=212525"}],"version-history":[{"count":0,"href":"https:\/\/www.radioluna.it\/news\/wp-json\/wp\/v2\/posts\/212525\/revisions"}],"wp:featuredmedia":[{"embeddable":true,"href":"https:\/\/www.radioluna.it\/news\/wp-json\/wp\/v2\/media\/212526"}],"wp:attachment":[{"href":"https:\/\/www.radioluna.it\/news\/wp-json\/wp\/v2\/media?parent=212525"}],"wp:term":[{"taxonomy":"category","embeddable":true,"href":"https:\/\/www.radioluna.it\/news\/wp-json\/wp\/v2\/categories?post=212525"},{"taxonomy":"post_tag","embeddable":true,"href":"https:\/\/www.radioluna.it\/news\/wp-json\/wp\/v2\/tags?post=212525"}],"curies":[{"name":"wp","href":"https:\/\/api.w.org\/{rel}","templated":true}]}}