{"id":212559,"date":"2018-01-02T08:38:26","date_gmt":"2018-01-02T07:38:26","guid":{"rendered":"http:\/\/www.radioluna.it\/news\/?p=212559"},"modified":"2018-01-02T08:38:26","modified_gmt":"2018-01-02T07:38:26","slug":"vertical-sprint-a-latina-la-5-gara-sulla-torre-pontina","status":"publish","type":"post","link":"https:\/\/www.radioluna.it\/news\/2018\/01\/vertical-sprint-a-latina-la-5-gara-sulla-torre-pontina\/","title":{"rendered":"Vertical Sprint, a Latina la 5\u00b0 gara sulla Torre Pontina"},"content":{"rendered":"<div id=\"fb-root\"><\/div>\n<p style=\"text-align: justify;\"><strong>LATINA<\/strong> &#8211; Latina prepara il Vertical Sprint, quinta edizione della scalata alla Torre Pontina. \u201cDON\u2019T RUN JUST CLIMB\u201d, ovvero non correre devi solo scalare, questo il motto scelto dagli organizzatori della gara (sostenuta anche quest&#8217;anno dalla Reale Mutua Assicurazioni) che prender\u00e0 il via il 14 gennaio 2018, alle 10.30. Obiettivo, raggiungere la terrazza della Torre Pontina che si trova a 128 metri di altezza, salendo i 737 scalini dei 38 piani dell&#8217;edificio pi\u00f9 alto del capoluogo.<br \/>\n&#8220;La disciplina del vertical \u00e8 la somma delle componenti di pi\u00f9 attitudini messe insieme, che si condensano in quei minuti di attivit\u00e0 &#8211; ricordano gli organizzatori &#8211;\u00a0 Ecco perch\u00e9 il Latina Vertical Sprint \u00e8 per podisti su strada, sterrato, trail, cross, atleti di cross-fit, corsa in montagna, ciclisti, pugili e cos\u00ec via&#8221;.<\/p>\n<p style=\"text-align: justify;\">Le iscrizioni (www.latinaverticalsprint.it ed www.enternow.it) sono a numero chiuso per ragioni di sicurezza, per cui rimarranno aperte sino al numero prefissato. Quota pi\u00f9 bassa per chi la effettua entro il 31 dicembre (\u20ac 18) e si alza per le iscrizioni in data successiva (\u20ac 25). Tutte le info sul sito www.latinaverticalsprin.it.<\/p>\n<p>&nbsp;<\/p>\n","protected":false},"excerpt":{"rendered":"<p>LATINA &#8211; Latina prepara il Vertical Sprint, quinta edizione della scalata alla Torre Pontina. \u201cDON\u2019T RUN JUST CLIMB\u201d, ovvero non correre devi solo scalare, questo il motto scelto dagli organizzatori della gara (sostenuta anche quest&#8217;anno dalla Reale Mutua Assicurazioni) che prender\u00e0 il via il 14 gennaio 2018, alle 10.30. Obiettivo, raggiungere la terrazza della Torre [&hellip;]<\/p>\n","protected":false},"author":62,"featured_media":212560,"comment_status":"open","ping_status":"open","sticky":false,"template":"","format":"standard","meta":{"footnotes":""},"categories":[17],"tags":[],"class_list":["post-212559","post","type-post","status-publish","format-standard","has-post-thumbnail","hentry","category-sport"],"_links":{"self":[{"href":"https:\/\/www.radioluna.it\/news\/wp-json\/wp\/v2\/posts\/212559","targetHints":{"allow":["GET"]}}],"collection":[{"href":"https:\/\/www.radioluna.it\/news\/wp-json\/wp\/v2\/posts"}],"about":[{"href":"https:\/\/www.radioluna.it\/news\/wp-json\/wp\/v2\/types\/post"}],"author":[{"embeddable":true,"href":"https:\/\/www.radioluna.it\/news\/wp-json\/wp\/v2\/users\/62"}],"replies":[{"embeddable":true,"href":"https:\/\/www.radioluna.it\/news\/wp-json\/wp\/v2\/comments?post=212559"}],"version-history":[{"count":0,"href":"https:\/\/www.radioluna.it\/news\/wp-json\/wp\/v2\/posts\/212559\/revisions"}],"wp:featuredmedia":[{"embeddable":true,"href":"https:\/\/www.radioluna.it\/news\/wp-json\/wp\/v2\/media\/212560"}],"wp:attachment":[{"href":"https:\/\/www.radioluna.it\/news\/wp-json\/wp\/v2\/media?parent=212559"}],"wp:term":[{"taxonomy":"category","embeddable":true,"href":"https:\/\/www.radioluna.it\/news\/wp-json\/wp\/v2\/categories?post=212559"},{"taxonomy":"post_tag","embeddable":true,"href":"https:\/\/www.radioluna.it\/news\/wp-json\/wp\/v2\/tags?post=212559"}],"curies":[{"name":"wp","href":"https:\/\/api.w.org\/{rel}","templated":true}]}}