{"id":212570,"date":"2018-01-02T09:40:13","date_gmt":"2018-01-02T08:40:13","guid":{"rendered":"http:\/\/www.radioluna.it\/news\/?p=212570"},"modified":"2018-01-03T21:03:56","modified_gmt":"2018-01-03T20:03:56","slug":"latina-petardo-fa-esplodere-un-secchio-della-differenziata","status":"publish","type":"post","link":"https:\/\/www.radioluna.it\/news\/2018\/01\/latina-petardo-fa-esplodere-un-secchio-della-differenziata\/","title":{"rendered":"Latina, petardo fatto esplodere nel cassonetto della differenziata"},"content":{"rendered":"<div id=\"fb-root\"><\/div>\n<p style=\"text-align: justify;\"><strong>LATINA<\/strong> &#8211; La notte di Capodanno c&#8217;\u00e8 chi si \u00e8 divertito cos\u00ec, mettendo un petardo dentro un secchio della differenziata, distruggendo un bene utile e di tutti. Adesso le cose sono due: o la Abc (che ha acquisito mezzi, dotazioni e personale della fallita Latina Ambiente) lo dovr\u00e0 ricomprare con i soldi che sono quelli di tutti i cittadini; oppure, la zona del centro dell&#8217;Orologio, ne rester\u00e0 sguarnita. A chi \u00e8 stato fatto il danno? Sar\u00e0 forse arrivato il momento di denunciare chi si diverte in maniera malsana e a spese degli altri?<\/p>\n<div class=\"radio-posizionamento-telefono-in-articoli-dopo-il-contenuto-articolo radio-entity-placement\" id=\"radio-4238892637\"><div id=\"radio-3325552399\"><a href=\"https:\/\/grupporedi.it\/\" aria-label=\"Redi-Qr\"><img loading=\"lazy\" decoding=\"async\" src=\"https:\/\/www.radioluna.it\/news\/wp-content\/uploads\/2026\/03\/Redi-Qr.jpg\" alt=\"\"  srcset=\"https:\/\/www.radioluna.it\/news\/wp-content\/uploads\/2026\/03\/Redi-Qr.jpg 800w, https:\/\/www.radioluna.it\/news\/wp-content\/uploads\/2026\/03\/Redi-Qr-768x639.jpg 768w\" sizes=\"(max-width: 800px) 100vw, 800px\" width=\"300\" height=\"250\"   \/><\/a><\/div><\/div>","protected":false},"excerpt":{"rendered":"<p>LATINA &#8211; La notte di Capodanno c&#8217;\u00e8 chi si \u00e8 divertito cos\u00ec, mettendo un petardo dentro un secchio della differenziata, distruggendo un bene utile e di tutti. Adesso le cose sono due: o la Abc (che ha acquisito mezzi, dotazioni e personale della fallita Latina Ambiente) lo dovr\u00e0 ricomprare con i soldi che sono quelli [&hellip;]<\/p>\n","protected":false},"author":62,"featured_media":212571,"comment_status":"open","ping_status":"open","sticky":false,"template":"","format":"standard","meta":{"footnotes":""},"categories":[7],"tags":[],"class_list":["post-212570","post","type-post","status-publish","format-standard","has-post-thumbnail","hentry","category-cronaca"],"_links":{"self":[{"href":"https:\/\/www.radioluna.it\/news\/wp-json\/wp\/v2\/posts\/212570","targetHints":{"allow":["GET"]}}],"collection":[{"href":"https:\/\/www.radioluna.it\/news\/wp-json\/wp\/v2\/posts"}],"about":[{"href":"https:\/\/www.radioluna.it\/news\/wp-json\/wp\/v2\/types\/post"}],"author":[{"embeddable":true,"href":"https:\/\/www.radioluna.it\/news\/wp-json\/wp\/v2\/users\/62"}],"replies":[{"embeddable":true,"href":"https:\/\/www.radioluna.it\/news\/wp-json\/wp\/v2\/comments?post=212570"}],"version-history":[{"count":0,"href":"https:\/\/www.radioluna.it\/news\/wp-json\/wp\/v2\/posts\/212570\/revisions"}],"wp:featuredmedia":[{"embeddable":true,"href":"https:\/\/www.radioluna.it\/news\/wp-json\/wp\/v2\/media\/212571"}],"wp:attachment":[{"href":"https:\/\/www.radioluna.it\/news\/wp-json\/wp\/v2\/media?parent=212570"}],"wp:term":[{"taxonomy":"category","embeddable":true,"href":"https:\/\/www.radioluna.it\/news\/wp-json\/wp\/v2\/categories?post=212570"},{"taxonomy":"post_tag","embeddable":true,"href":"https:\/\/www.radioluna.it\/news\/wp-json\/wp\/v2\/tags?post=212570"}],"curies":[{"name":"wp","href":"https:\/\/api.w.org\/{rel}","templated":true}]}}