{"id":212642,"date":"2018-01-03T09:01:17","date_gmt":"2018-01-03T08:01:17","guid":{"rendered":"http:\/\/www.radioluna.it\/news\/?p=212642"},"modified":"2018-01-03T09:12:51","modified_gmt":"2018-01-03T08:12:51","slug":"igersonair-il-valore-dei-social","status":"publish","type":"post","link":"https:\/\/www.radioluna.it\/news\/2018\/01\/igersonair-il-valore-dei-social\/","title":{"rendered":"#IgersonAir, il valore dei social"},"content":{"rendered":"<div id=\"fb-root\"><\/div>\n<p>[URIS id=212645]<\/p>\n<p><em>Nella gallery tutte le foto che hanno partecipato al concorso settimanale. In homepage la foto di\u00a0 Desir\u00e8 Orsini<\/em><\/p>\n<p style=\"text-align: justify;\"><strong>LATINA<\/strong> &#8211; Una foto della Gaeta vecchia scattata da Desir\u00e8 Orsini \u00e8 la pi\u00f9 bella della settimana, selezionata dagli Igers Latina per il concorso settimanale\u00a0Iger of the week. Ce la illustra lei, convinta sostenitrice dei social: &#8220;Uniscono e fanno riscoprire i rapporti umani. A me, poi, consentono di raccontare il il mondo, cos\u00ec come lo vedo&#8221;. Ecco perch\u00e9.<\/p>\n<p><strong>ASCOLTA<\/strong><\/p>\n<audio class=\"wp-audio-shortcode\" id=\"audio-212642-1\" preload=\"none\" style=\"width: 100%;\" controls=\"controls\"><source type=\"audio\/mpeg\" src=\"http:\/\/www.radioluna.it\/news\/wp-content\/uploads\/2018\/01\/igerslatina-per-sito.mp3?_=1\" \/><a href=\"http:\/\/www.radioluna.it\/news\/wp-content\/uploads\/2018\/01\/igerslatina-per-sito.mp3\">http:\/\/www.radioluna.it\/news\/wp-content\/uploads\/2018\/01\/igerslatina-per-sito.mp3<\/a><\/audio>\n<div class=\"radio-posizionamento-telefono-in-articoli-dopo-il-contenuto-articolo radio-entity-placement\" id=\"radio-517200568\"><div id=\"radio-1183471781\" style=\"width: 300px;height: 250px;\"><a href=\"https:\/\/www.icarspa.it\/auto\/usate\/latina\/\" aria-label=\"banner aprile icar new life &#8211; auto usate latina\"><img loading=\"lazy\" decoding=\"async\" src=\"https:\/\/www.radioluna.it\/news\/wp-content\/uploads\/2026\/02\/banner-aprile-icar-new-life-auto-usate-latina.gif\" alt=\"\"  width=\"300\" height=\"250\"   \/><\/a><\/div><\/div>","protected":false},"excerpt":{"rendered":"<p>[URIS id=212645] Nella gallery tutte le foto che hanno partecipato al concorso settimanale. In homepage la foto di\u00a0 Desir\u00e8 Orsini LATINA &#8211; Una foto della Gaeta vecchia scattata da Desir\u00e8 Orsini \u00e8 la pi\u00f9 bella della settimana, selezionata dagli Igers Latina per il concorso settimanale\u00a0Iger of the week. Ce la illustra lei, convinta sostenitrice dei [&hellip;]<\/p>\n","protected":false},"author":60,"featured_media":212643,"comment_status":"open","ping_status":"closed","sticky":false,"template":"","format":"standard","meta":{"footnotes":""},"categories":[2421,2310,2311],"tags":[],"class_list":["post-212642","post","type-post","status-publish","format-standard","has-post-thumbnail","hentry","category-igersonair","category-audio","category-foto"],"_links":{"self":[{"href":"https:\/\/www.radioluna.it\/news\/wp-json\/wp\/v2\/posts\/212642","targetHints":{"allow":["GET"]}}],"collection":[{"href":"https:\/\/www.radioluna.it\/news\/wp-json\/wp\/v2\/posts"}],"about":[{"href":"https:\/\/www.radioluna.it\/news\/wp-json\/wp\/v2\/types\/post"}],"author":[{"embeddable":true,"href":"https:\/\/www.radioluna.it\/news\/wp-json\/wp\/v2\/users\/60"}],"replies":[{"embeddable":true,"href":"https:\/\/www.radioluna.it\/news\/wp-json\/wp\/v2\/comments?post=212642"}],"version-history":[{"count":0,"href":"https:\/\/www.radioluna.it\/news\/wp-json\/wp\/v2\/posts\/212642\/revisions"}],"wp:featuredmedia":[{"embeddable":true,"href":"https:\/\/www.radioluna.it\/news\/wp-json\/wp\/v2\/media\/212643"}],"wp:attachment":[{"href":"https:\/\/www.radioluna.it\/news\/wp-json\/wp\/v2\/media?parent=212642"}],"wp:term":[{"taxonomy":"category","embeddable":true,"href":"https:\/\/www.radioluna.it\/news\/wp-json\/wp\/v2\/categories?post=212642"},{"taxonomy":"post_tag","embeddable":true,"href":"https:\/\/www.radioluna.it\/news\/wp-json\/wp\/v2\/tags?post=212642"}],"curies":[{"name":"wp","href":"https:\/\/api.w.org\/{rel}","templated":true}]}}