{"id":212843,"date":"2018-01-05T00:56:32","date_gmt":"2018-01-04T23:56:32","guid":{"rendered":"http:\/\/www.radioluna.it\/news\/?p=212843"},"modified":"2018-01-08T17:18:37","modified_gmt":"2018-01-08T16:18:37","slug":"latina-adolescente-investita-in-via-bruxelles-e-grave","status":"publish","type":"post","link":"https:\/\/www.radioluna.it\/news\/2018\/01\/latina-adolescente-investita-in-via-bruxelles-e-grave\/","title":{"rendered":"Latina, adolescente investita in via Bruxelles: \u00e8 grave"},"content":{"rendered":"<div id=\"fb-root\"><\/div>\n<p style=\"text-align: justify;\"><strong>LATINA &#8211;<\/strong> Una adolescente \u00e8 stata investita ieri sera a Latina in via Bruxelles. In base a quanto ricostruito la ragazzina che ha 15 anni \u00e8 stata centrata da un&#8217;auto, condotta da un giovane che si \u00e8 fermato per prestare i soccorsi. La 15enne \u00e8 stata trasportata in condizioni molto gravi al Santa Maria Goretti di Latina. La dinamica \u00e8 ancora in fase di ricostruzione.<\/p>\n<div class=\"radio-posizionamento-telefono-in-articoli-dopo-il-contenuto-articolo radio-entity-placement\" id=\"radio-2731707412\"><div id=\"radio-290842573\"><a href=\"https:\/\/www.simeoneceramiche.com\/\" aria-label=\"SIMEONE CERAMICHE GIF animata per radioluna_Tavola disegno 1 copia 2 (online-video-cutter.com)\"><img loading=\"lazy\" decoding=\"async\" src=\"https:\/\/www.radioluna.it\/news\/wp-content\/uploads\/2025\/05\/SIMEONE-CERAMICHE-GIF-animata-per-radioluna_Tavola-disegno-1-copia-2-online-video-cutter.com_.gif\" alt=\"\"  width=\"300\" height=\"250\"   \/><\/a><\/div><\/div>","protected":false},"excerpt":{"rendered":"<p>LATINA &#8211; Una adolescente \u00e8 stata investita ieri sera a Latina in via Bruxelles. In base a quanto ricostruito la ragazzina che ha 15 anni \u00e8 stata centrata da un&#8217;auto, condotta da un giovane che si \u00e8 fermato per prestare i soccorsi. La 15enne \u00e8 stata trasportata in condizioni molto gravi al Santa Maria Goretti [&hellip;]<\/p>\n","protected":false},"author":60,"featured_media":212851,"comment_status":"open","ping_status":"open","sticky":false,"template":"","format":"standard","meta":{"footnotes":""},"categories":[7],"tags":[],"class_list":["post-212843","post","type-post","status-publish","format-standard","has-post-thumbnail","hentry","category-cronaca"],"_links":{"self":[{"href":"https:\/\/www.radioluna.it\/news\/wp-json\/wp\/v2\/posts\/212843","targetHints":{"allow":["GET"]}}],"collection":[{"href":"https:\/\/www.radioluna.it\/news\/wp-json\/wp\/v2\/posts"}],"about":[{"href":"https:\/\/www.radioluna.it\/news\/wp-json\/wp\/v2\/types\/post"}],"author":[{"embeddable":true,"href":"https:\/\/www.radioluna.it\/news\/wp-json\/wp\/v2\/users\/60"}],"replies":[{"embeddable":true,"href":"https:\/\/www.radioluna.it\/news\/wp-json\/wp\/v2\/comments?post=212843"}],"version-history":[{"count":0,"href":"https:\/\/www.radioluna.it\/news\/wp-json\/wp\/v2\/posts\/212843\/revisions"}],"wp:featuredmedia":[{"embeddable":true,"href":"https:\/\/www.radioluna.it\/news\/wp-json\/wp\/v2\/media\/212851"}],"wp:attachment":[{"href":"https:\/\/www.radioluna.it\/news\/wp-json\/wp\/v2\/media?parent=212843"}],"wp:term":[{"taxonomy":"category","embeddable":true,"href":"https:\/\/www.radioluna.it\/news\/wp-json\/wp\/v2\/categories?post=212843"},{"taxonomy":"post_tag","embeddable":true,"href":"https:\/\/www.radioluna.it\/news\/wp-json\/wp\/v2\/tags?post=212843"}],"curies":[{"name":"wp","href":"https:\/\/api.w.org\/{rel}","templated":true}]}}