{"id":212965,"date":"2018-01-07T01:06:21","date_gmt":"2018-01-07T00:06:21","guid":{"rendered":"http:\/\/www.radioluna.it\/news\/?p=212965"},"modified":"2018-01-08T06:20:36","modified_gmt":"2018-01-08T05:20:36","slug":"latina-rieti-chiappini-e-una-partita-che-va-vinta-con-la-testa","status":"publish","type":"post","link":"https:\/\/www.radioluna.it\/news\/2018\/01\/latina-rieti-chiappini-e-una-partita-che-va-vinta-con-la-testa\/","title":{"rendered":"Latina-Rieti, Chiappini: \u00e8 una partita che va vinta con la testa"},"content":{"rendered":"<div id=\"fb-root\"><\/div>\n<p style=\"text-align: justify;\"><strong>LATINA &#8211;<\/strong> &lt;Per i ragazzi \u00e8 una partita importante ma che va presa nel modo giusto. Va vinta con la testa, con la lettura individuale veloce e rapida. Non \u00e8 stata una partita difficile da preparare&gt;. Sono queste le parole del tecnico del Latina alla vigilia della sfida contro il Rieti in programma al Francioni a partire dalle 14,30.\u00a0 All&#8217;andata nella prima partita di campionato il Latina perse per 6-0 contro gli amarantocelesti e i nerazzurri vogliono rifarsi. &lt;Quella sconfitta \u00e8 un&#8217;ulteriore spinta per fare bene ma sono cos\u00ec tante le sfaccettature importanti per darci le motivazioni che non \u00e8 certo soltanto il sei a zero dell&#8217;andata &#8211; ha aggiunto Chiappini-\u00a0 sono primi in classifica, noi dobbiamo dimostrare di non essere inferiori, loro di meritare la posizione che occupano&gt;. Il Latina \u00e8 al quinto posto in classifica e ha un distacco dal Rieti di 10 punti.\u00a0 &lt;Abbiamo massimo rispetto per il Latina, una piazza importante che non ha bisogno di presentazioni, sappiamo che non sar\u00e0 di certo la stessa squadra affrontata e battuta nettamente all\u2019andata, gi\u00e0 per il solo fatto di aver aggiunto un uomo di qualit\u00e0 e di sostanza come Olivera in mezzo al campo &#8211; ha detto parlando della partita l&#8217;allenatore del Rieti Carmine Parlato &#8211;\u00a0 ma noi andremo l\u00ec per fare la nostra partita&gt;. Al Francioni \u00e8 prevista una buona cornice di pubblico di almeno 1500 spettatori con un centinaio di tifosi ospiti. La partita sar\u00e0 diretta da Panettella di Bari<\/p>\n<p>Queste le probabili formazioni<\/p>\n<p>Latina: Bortolameotti, Milizia, Lagnena, Cossentino, Atiagli, Tribuzzi, Catinali, Olivera, Scibilia, Fontana, Iadaresta. All. Chiappini.<br \/>\nRieti: Scaramuzzino, Tiraferri, Dionisi, Biondi, Ispas, Tirelli, Cuffa, Minincleri, Giunta, Scotto, Marcheggiani. All. Parlato.<\/p>\n","protected":false},"excerpt":{"rendered":"<p>LATINA &#8211; &lt;Per i ragazzi \u00e8 una partita importante ma che va presa nel modo giusto. Va vinta con la testa, con la lettura individuale veloce e rapida. Non \u00e8 stata una partita difficile da preparare&gt;. Sono queste le parole del tecnico del Latina alla vigilia della sfida contro il Rieti in programma al Francioni [&hellip;]<\/p>\n","protected":false},"author":60,"featured_media":212973,"comment_status":"open","ping_status":"open","sticky":false,"template":"","format":"standard","meta":{"footnotes":""},"categories":[17],"tags":[],"class_list":["post-212965","post","type-post","status-publish","format-standard","has-post-thumbnail","hentry","category-sport"],"_links":{"self":[{"href":"https:\/\/www.radioluna.it\/news\/wp-json\/wp\/v2\/posts\/212965","targetHints":{"allow":["GET"]}}],"collection":[{"href":"https:\/\/www.radioluna.it\/news\/wp-json\/wp\/v2\/posts"}],"about":[{"href":"https:\/\/www.radioluna.it\/news\/wp-json\/wp\/v2\/types\/post"}],"author":[{"embeddable":true,"href":"https:\/\/www.radioluna.it\/news\/wp-json\/wp\/v2\/users\/60"}],"replies":[{"embeddable":true,"href":"https:\/\/www.radioluna.it\/news\/wp-json\/wp\/v2\/comments?post=212965"}],"version-history":[{"count":0,"href":"https:\/\/www.radioluna.it\/news\/wp-json\/wp\/v2\/posts\/212965\/revisions"}],"wp:featuredmedia":[{"embeddable":true,"href":"https:\/\/www.radioluna.it\/news\/wp-json\/wp\/v2\/media\/212973"}],"wp:attachment":[{"href":"https:\/\/www.radioluna.it\/news\/wp-json\/wp\/v2\/media?parent=212965"}],"wp:term":[{"taxonomy":"category","embeddable":true,"href":"https:\/\/www.radioluna.it\/news\/wp-json\/wp\/v2\/categories?post=212965"},{"taxonomy":"post_tag","embeddable":true,"href":"https:\/\/www.radioluna.it\/news\/wp-json\/wp\/v2\/tags?post=212965"}],"curies":[{"name":"wp","href":"https:\/\/api.w.org\/{rel}","templated":true}]}}