{"id":213093,"date":"2018-01-08T12:34:23","date_gmt":"2018-01-08T11:34:23","guid":{"rendered":"http:\/\/www.radioluna.it\/news\/?p=213093"},"modified":"2018-01-08T17:09:43","modified_gmt":"2018-01-08T16:09:43","slug":"compleanno-di-contenuti-speciali-con-giordana-angi-e-nathalie","status":"publish","type":"post","link":"https:\/\/www.radioluna.it\/news\/2018\/01\/compleanno-di-contenuti-speciali-con-giordana-angi-e-nathalie\/","title":{"rendered":"Compleanno di &#8220;Contenuti Speciali&#8221; con Giordana Angi e Nathalie"},"content":{"rendered":"<div id=\"fb-root\"><\/div>\n<p style=\"text-align: justify;\">Per festeggiare degnamente il compleanno di una delle pi\u00f9 interessanti rassegne di musica d&#8217;autore in citt\u00e0 il punkautore <a href=\"https:\/\/www.facebook.com\/chiazzettashow\/\">Chiazzetta<\/a> \u00e8 venuto nei nostri studi insieme ad una delle &#8220;guest&#8221; dell&#8217;evento a fare il bilancio del primo anno e ad anticiparci qualcosa anche sulle prossime edizioni di <a href=\"https:\/\/www.facebook.com\/contenutispeciali\/\">Contenuti Speciali<\/a>. Ascolta l&#8217;intervista di Martina Zaralli.<\/p>\n<audio class=\"wp-audio-shortcode\" id=\"audio-213093-1\" preload=\"none\" style=\"width: 100%;\" controls=\"controls\"><source type=\"audio\/mpeg\" src=\"http:\/\/www.radioluna.it\/news\/wp-content\/uploads\/2018\/01\/chiazzetta-e-nathalie.mp3?_=1\" \/><a href=\"http:\/\/www.radioluna.it\/news\/wp-content\/uploads\/2018\/01\/chiazzetta-e-nathalie.mp3\">http:\/\/www.radioluna.it\/news\/wp-content\/uploads\/2018\/01\/chiazzetta-e-nathalie.mp3<\/a><\/audio>\n<p>&nbsp;<\/p>\n<p><a href=\"http:\/\/www.radioluna.it\/news\/radio-luna\">ASCOLTA RADIOLUNA<\/a><\/p>\n<div class=\"radio-posizionamento-telefono-in-articoli-dopo-il-contenuto-articolo radio-entity-placement\" id=\"radio-2154849108\"><div id=\"radio-2374145038\" style=\"width: 300px;height: 250px;\"><a href=\"https:\/\/www.icarspa.it\/auto\/usate\/latina\/\" aria-label=\"banner aprile icar new life &#8211; auto usate latina\"><img loading=\"lazy\" decoding=\"async\" src=\"https:\/\/www.radioluna.it\/news\/wp-content\/uploads\/2026\/02\/banner-aprile-icar-new-life-auto-usate-latina.gif\" alt=\"\"  width=\"300\" height=\"250\"   \/><\/a><\/div><\/div>","protected":false},"excerpt":{"rendered":"<p>Per festeggiare degnamente il compleanno di una delle pi\u00f9 interessanti rassegne di musica d&#8217;autore in citt\u00e0 il punkautore Chiazzetta \u00e8 venuto nei nostri studi insieme ad una delle &#8220;guest&#8221; dell&#8217;evento a fare il bilancio del primo anno e ad anticiparci qualcosa anche sulle prossime edizioni di Contenuti Speciali. Ascolta l&#8217;intervista di Martina Zaralli. &nbsp; ASCOLTA [&hellip;]<\/p>\n","protected":false},"author":60,"featured_media":213096,"comment_status":"open","ping_status":"open","sticky":false,"template":"","format":"standard","meta":{"footnotes":""},"categories":[2310,2439],"tags":[],"class_list":["post-213093","post","type-post","status-publish","format-standard","has-post-thumbnail","hentry","category-audio","category-radioluna"],"_links":{"self":[{"href":"https:\/\/www.radioluna.it\/news\/wp-json\/wp\/v2\/posts\/213093","targetHints":{"allow":["GET"]}}],"collection":[{"href":"https:\/\/www.radioluna.it\/news\/wp-json\/wp\/v2\/posts"}],"about":[{"href":"https:\/\/www.radioluna.it\/news\/wp-json\/wp\/v2\/types\/post"}],"author":[{"embeddable":true,"href":"https:\/\/www.radioluna.it\/news\/wp-json\/wp\/v2\/users\/60"}],"replies":[{"embeddable":true,"href":"https:\/\/www.radioluna.it\/news\/wp-json\/wp\/v2\/comments?post=213093"}],"version-history":[{"count":0,"href":"https:\/\/www.radioluna.it\/news\/wp-json\/wp\/v2\/posts\/213093\/revisions"}],"wp:featuredmedia":[{"embeddable":true,"href":"https:\/\/www.radioluna.it\/news\/wp-json\/wp\/v2\/media\/213096"}],"wp:attachment":[{"href":"https:\/\/www.radioluna.it\/news\/wp-json\/wp\/v2\/media?parent=213093"}],"wp:term":[{"taxonomy":"category","embeddable":true,"href":"https:\/\/www.radioluna.it\/news\/wp-json\/wp\/v2\/categories?post=213093"},{"taxonomy":"post_tag","embeddable":true,"href":"https:\/\/www.radioluna.it\/news\/wp-json\/wp\/v2\/tags?post=213093"}],"curies":[{"name":"wp","href":"https:\/\/api.w.org\/{rel}","templated":true}]}}