{"id":213239,"date":"2018-01-09T13:45:31","date_gmt":"2018-01-09T12:45:31","guid":{"rendered":"http:\/\/www.radioluna.it\/news\/?p=213239"},"modified":"2018-01-10T09:45:31","modified_gmt":"2018-01-10T08:45:31","slug":"camion-ribaltato-pontina-chiusa-verso-roma","status":"publish","type":"post","link":"https:\/\/www.radioluna.it\/news\/2018\/01\/camion-ribaltato-pontina-chiusa-verso-roma\/","title":{"rendered":"Camion ribaltato ad Ardea, caos sulla Pontina"},"content":{"rendered":"<div id=\"fb-root\"><\/div>\n<p><strong><img loading=\"lazy\" decoding=\"async\" class=\"aligncenter size-full wp-image-213241\" src=\"http:\/\/www.radioluna.it\/news\/wp-content\/uploads\/2018\/01\/camion2.jpg\" alt=\"\" width=\"1200\" height=\"1600\" srcset=\"https:\/\/www.radioluna.it\/news\/wp-content\/uploads\/2018\/01\/camion2.jpg 1200w, https:\/\/www.radioluna.it\/news\/wp-content\/uploads\/2018\/01\/camion2-225x300.jpg 225w, https:\/\/www.radioluna.it\/news\/wp-content\/uploads\/2018\/01\/camion2-768x1024.jpg 768w, https:\/\/www.radioluna.it\/news\/wp-content\/uploads\/2018\/01\/camion2-500x667.jpg 500w\" sizes=\"auto, (max-width: 1200px) 100vw, 1200px\" \/>LATINA<\/strong> &#8211; La Pontina \u00e8 stata chiusa intorno alle 13 in direzione di Roma a causa di un incidente che si \u00e8 verificato all&#8217;altezza di Ardea al Km 36+800. Un camion si \u00e8 ribaltato finendo nella scarpata e la chiusura del tratto si \u00e8 resa necessaria per consetnire le operazioni di la rimozione del mezzo. Sul posto la polizia stradale di Aprilia che ha istituito l&#8217;uscita obbligatoria su Via Strampelli. Sull&#8217; arteria, riaperta poco prima delle 15, si sono formate lunghe code.<\/p>\n","protected":false},"excerpt":{"rendered":"<p>LATINA &#8211; La Pontina \u00e8 stata chiusa intorno alle 13 in direzione di Roma a causa di un incidente che si \u00e8 verificato all&#8217;altezza di Ardea al Km 36+800. Un camion si \u00e8 ribaltato finendo nella scarpata e la chiusura del tratto si \u00e8 resa necessaria per consetnire le operazioni di la rimozione del mezzo. [&hellip;]<\/p>\n","protected":false},"author":62,"featured_media":213240,"comment_status":"open","ping_status":"open","sticky":false,"template":"","format":"standard","meta":{"footnotes":""},"categories":[7,2311],"tags":[],"class_list":["post-213239","post","type-post","status-publish","format-standard","has-post-thumbnail","hentry","category-cronaca","category-foto"],"_links":{"self":[{"href":"https:\/\/www.radioluna.it\/news\/wp-json\/wp\/v2\/posts\/213239","targetHints":{"allow":["GET"]}}],"collection":[{"href":"https:\/\/www.radioluna.it\/news\/wp-json\/wp\/v2\/posts"}],"about":[{"href":"https:\/\/www.radioluna.it\/news\/wp-json\/wp\/v2\/types\/post"}],"author":[{"embeddable":true,"href":"https:\/\/www.radioluna.it\/news\/wp-json\/wp\/v2\/users\/62"}],"replies":[{"embeddable":true,"href":"https:\/\/www.radioluna.it\/news\/wp-json\/wp\/v2\/comments?post=213239"}],"version-history":[{"count":0,"href":"https:\/\/www.radioluna.it\/news\/wp-json\/wp\/v2\/posts\/213239\/revisions"}],"wp:featuredmedia":[{"embeddable":true,"href":"https:\/\/www.radioluna.it\/news\/wp-json\/wp\/v2\/media\/213240"}],"wp:attachment":[{"href":"https:\/\/www.radioluna.it\/news\/wp-json\/wp\/v2\/media?parent=213239"}],"wp:term":[{"taxonomy":"category","embeddable":true,"href":"https:\/\/www.radioluna.it\/news\/wp-json\/wp\/v2\/categories?post=213239"},{"taxonomy":"post_tag","embeddable":true,"href":"https:\/\/www.radioluna.it\/news\/wp-json\/wp\/v2\/tags?post=213239"}],"curies":[{"name":"wp","href":"https:\/\/api.w.org\/{rel}","templated":true}]}}