{"id":213259,"date":"2018-01-09T15:32:53","date_gmt":"2018-01-09T14:32:53","guid":{"rendered":"http:\/\/www.radioluna.it\/news\/?p=213259"},"modified":"2018-01-14T05:22:57","modified_gmt":"2018-01-14T04:22:57","slug":"vertical-sprint-una-crono-lunga-38-piani","status":"publish","type":"post","link":"https:\/\/www.radioluna.it\/news\/2018\/01\/vertical-sprint-una-crono-lunga-38-piani\/","title":{"rendered":"Vertical Sprint, una crono lunga 38 piani"},"content":{"rendered":"<div id=\"fb-root\"><\/div>\n<p style=\"text-align: justify;\"><strong>LATINA<\/strong> &#8211; Il circuito Internazionale Towerrunning\u00a0 sta per essere inaugurato a Latina con il Reale Mutua Vertical Sprint, la gara che si correr\u00e0 il 14 gennaio sulla Torre Pontina. Gli atleti avranno davanti\u00a038 piani\u00a0 e 737 scalini da salire nel pi\u00f9 breve tempo possibile esattamente come avviene sulle torri di tante metropoli del mondo: New York, Indianapolis, Dallas, solo per citarne alcune.<\/p>\n<p style=\"text-align: justify;\">La gara, che \u00e8 a numero chiuso (sono ancora disponibili alcuni posti), quest&#8217;anno,\u00a0 alla sua quinta edizione, presenta una novit\u00e0 importante: nella seconda manche, alla quale si qualificano i dieci migliori tempi maschili e i 5 migliori tempi femminili, le partenze saranno scaglionate in maniera tale da evitare &#8220;tamponamenti&#8221; o sorpassi lungo il tragitto. Una crono senza ostacoli, in cui si stabilir\u00e0 effettivamente il tempo effettivo per chi raggiungere la terrazza.<\/p>\n<p style=\"text-align: justify;\">Mentre per il pubblico che si limiter\u00e0 a incitare gli atleti, \u00e8 prevista una visita panoramica della Torre Pontina che l&#8217;organizzazione realizzer\u00e0 (a gruppi di 5 o 10 persone) in collaborazione con il Centro Turistico Giovanile Latina Initinere. &#8220;Lo storico dell\u2019arte professor Vincenzo Scozzarella illustrer\u00e0 da un punto di vista storico e morfologico il suggestivo paesaggio pontino, dai monti Lepini ai laghi costieri, dal promontorio del Circeo alle Isole Ponziane&#8221;, spiegano dal Vertical Sprint.<\/p>\n<p>Il Reale Mutua Latina Vertical Sprint sar\u00e0 presentato mercoled\u00ec 10 gennaio alle 18,30 presso il Birrificio Artigianale East Side alla presenza di molti sportivi che domenica prenderanno parte alla faticosa scalata.<\/p>\n","protected":false},"excerpt":{"rendered":"<p>LATINA &#8211; Il circuito Internazionale Towerrunning\u00a0 sta per essere inaugurato a Latina con il Reale Mutua Vertical Sprint, la gara che si correr\u00e0 il 14 gennaio sulla Torre Pontina. Gli atleti avranno davanti\u00a038 piani\u00a0 e 737 scalini da salire nel pi\u00f9 breve tempo possibile esattamente come avviene sulle torri di tante metropoli del mondo: New [&hellip;]<\/p>\n","protected":false},"author":62,"featured_media":213262,"comment_status":"open","ping_status":"open","sticky":false,"template":"","format":"standard","meta":{"footnotes":""},"categories":[17],"tags":[],"class_list":["post-213259","post","type-post","status-publish","format-standard","has-post-thumbnail","hentry","category-sport"],"_links":{"self":[{"href":"https:\/\/www.radioluna.it\/news\/wp-json\/wp\/v2\/posts\/213259","targetHints":{"allow":["GET"]}}],"collection":[{"href":"https:\/\/www.radioluna.it\/news\/wp-json\/wp\/v2\/posts"}],"about":[{"href":"https:\/\/www.radioluna.it\/news\/wp-json\/wp\/v2\/types\/post"}],"author":[{"embeddable":true,"href":"https:\/\/www.radioluna.it\/news\/wp-json\/wp\/v2\/users\/62"}],"replies":[{"embeddable":true,"href":"https:\/\/www.radioluna.it\/news\/wp-json\/wp\/v2\/comments?post=213259"}],"version-history":[{"count":0,"href":"https:\/\/www.radioluna.it\/news\/wp-json\/wp\/v2\/posts\/213259\/revisions"}],"wp:featuredmedia":[{"embeddable":true,"href":"https:\/\/www.radioluna.it\/news\/wp-json\/wp\/v2\/media\/213262"}],"wp:attachment":[{"href":"https:\/\/www.radioluna.it\/news\/wp-json\/wp\/v2\/media?parent=213259"}],"wp:term":[{"taxonomy":"category","embeddable":true,"href":"https:\/\/www.radioluna.it\/news\/wp-json\/wp\/v2\/categories?post=213259"},{"taxonomy":"post_tag","embeddable":true,"href":"https:\/\/www.radioluna.it\/news\/wp-json\/wp\/v2\/tags?post=213259"}],"curies":[{"name":"wp","href":"https:\/\/api.w.org\/{rel}","templated":true}]}}