{"id":213284,"date":"2018-01-09T18:01:35","date_gmt":"2018-01-09T17:01:35","guid":{"rendered":"http:\/\/www.radioluna.it\/news\/?p=213284"},"modified":"2018-01-10T12:19:52","modified_gmt":"2018-01-10T11:19:52","slug":"le-cose-in-comune-con-il-sindaco-damiano-coletta-19","status":"publish","type":"post","link":"https:\/\/www.radioluna.it\/news\/2018\/01\/le-cose-in-comune-con-il-sindaco-damiano-coletta-19\/","title":{"rendered":"Risponde il sindaco di Latina Damiano Coletta"},"content":{"rendered":"<div id=\"fb-root\"><\/div>\n<p><!-- Embedded with Magic Embeds - https:\/\/magicembeds.com --><\/p>\n<div class=\"wef-measure\" style=\"max-width: 1000px;\"><\/div>\n<div class=\"fb-video\" data-href=\"https:\/\/www.facebook.com\/lunanotizie\/videos\/10155180230577344\/\" data-allowfullscreen=\"false\" data-autoplay=\"false\" data-width=\"1000\" data-show-text=\"false\" data-show-captions=\"true\"><\/div>\n<p style=\"text-align: justify;\"><strong>LATINA\u00a0<\/strong> &#8211; La scommessa pi\u00f9 difficile del mandato Coletta, riportare la gestione dei rifiuti sotto il controllo totale del Comune di Latina, con l&#8217;obiettivo di reinvestire gli eventuali utili per alleggerire le bollette e rinforzare il servizio a favore dei cittadini, \u00e8 partita in questi giorni con il passaggio di consegne avvenuto nella notte tra il 31 dicembre e il 1 gennaio, dalla Latina Ambiente ormai fallita, alla Abc. Basta guardarsi intorno per\u00f2 per capire che qualche difficolt\u00e0 c&#8217;\u00e8. Alcuni quartieri sono perfettamente puliti, in altri sembra di stare in piena emergenza. La quantit\u00e0 di spazzatura scaricata all&#8217;esterno dei cassonetti \u00e8 cresciuta in maniera esponenziale in pochi giorni. Qualcuno accusa i cittadini incivili, altri se la prendono con la Abc e c&#8217;\u00e8 anche chi ipotizza un&#8217;operazione mirata per creare disagio. Qual \u00e8 la verit\u00e0?<\/p>\n<p style=\"text-align: justify;\">E che cosa \u00e8 cambiato? Quali sono i problemi incontrati nei primi giorni di attivit\u00e0 dell&#8217;Azienda per i Beni Comuni? Perch\u00e9 d&#8217;un tratto la spazzatura \u00e8 tornata a sporcare interi quartieri della citt\u00e0? E perch\u00e9 il servizio \u00e8 a macchia di leopardo? Che cosa ci dobbiamo aspettare nei prossimi giorni e nei prossimi mesi? Sono alcune delle domande che rivolgeremo oggi al sindaco di Latina Damiano Coletta ne Le Cose in Comune, anche collegandoci con il presidente del Consiglio di Amministrazione di Abc Demetrio De Stefano.\u00a0 Il sindaco risponder\u00e0 come sempre anche alle domande degli ascoltatori.<\/p>\n<p style=\"text-align: justify;\">L&#8217;appuntamento settimanale di Radio Luna \u00e8 trasmesso su questo sito e anche in diretta video su <a href=\"https:\/\/www.facebook.com\/lunanotizie\" target=\"_blank\" rel=\"noopener\">Facebook<\/a>.<\/p>\n<p><strong>LA TUA DOMANDA AL SINDACO<\/strong>:<\/p>\n\n<div class=\"wpcf7 no-js\" id=\"wpcf7-f184171-o1\" lang=\"en-US\" dir=\"ltr\" data-wpcf7-id=\"184171\">\n<div class=\"screen-reader-response\"><p role=\"status\" aria-live=\"polite\" aria-atomic=\"true\"><\/p> <ul><\/ul><\/div>\n<form action=\"\/news\/wp-json\/wp\/v2\/posts\/213284#wpcf7-f184171-o1\" method=\"post\" class=\"wpcf7-form init\" aria-label=\"Contact form\" novalidate=\"novalidate\" data-status=\"init\">\n<fieldset class=\"hidden-fields-container\"><input type=\"hidden\" name=\"_wpcf7\" value=\"184171\" \/><input type=\"hidden\" name=\"_wpcf7_version\" value=\"6.1.5\" \/><input type=\"hidden\" name=\"_wpcf7_locale\" value=\"en_US\" \/><input type=\"hidden\" name=\"_wpcf7_unit_tag\" value=\"wpcf7-f184171-o1\" \/><input type=\"hidden\" name=\"_wpcf7_container_post\" value=\"0\" \/><input type=\"hidden\" name=\"_wpcf7_posted_data_hash\" value=\"\" \/>\n<\/fieldset>\n<p>Il tuo Nome e Cognome (richiesto)\n<\/p>\n<p><span class=\"wpcf7-form-control-wrap\" data-name=\"your-name\"><input size=\"40\" maxlength=\"400\" class=\"wpcf7-form-control wpcf7-text wpcf7-validates-as-required\" aria-required=\"true\" aria-invalid=\"false\" value=\"\" type=\"text\" name=\"your-name\" \/><\/span>\n<\/p>\n<p>La tua email (richiesto)\n<\/p>\n<p><span class=\"wpcf7-form-control-wrap\" data-name=\"your-email\"><input size=\"40\" maxlength=\"400\" class=\"wpcf7-form-control wpcf7-email wpcf7-validates-as-required wpcf7-text wpcf7-validates-as-email\" aria-required=\"true\" aria-invalid=\"false\" value=\"\" type=\"email\" name=\"your-email\" \/><\/span>\n<\/p>\n<p>La tua domanda al sindaco Damiano Coletta (richiesto)\n<\/p>\n<p><span class=\"wpcf7-form-control-wrap\" data-name=\"your-message\"><textarea cols=\"40\" rows=\"10\" maxlength=\"2000\" class=\"wpcf7-form-control wpcf7-textarea wpcf7-validates-as-required\" aria-required=\"true\" aria-invalid=\"false\" name=\"your-message\"><\/textarea><\/span>\n<\/p>\n<p><input class=\"wpcf7-form-control wpcf7-submit has-spinner\" type=\"submit\" value=\"Invia\" \/>\n<\/p><p style=\"display: none !important;\" class=\"akismet-fields-container\" data-prefix=\"_wpcf7_ak_\"><label>&#916;<textarea name=\"_wpcf7_ak_hp_textarea\" cols=\"45\" rows=\"8\" maxlength=\"100\"><\/textarea><\/label><input type=\"hidden\" id=\"ak_js_1\" name=\"_wpcf7_ak_js\" value=\"6\"\/><script type=\"text\/javascript\">\n\/* <![CDATA[ *\/\ndocument.getElementById( \"ak_js_1\" ).setAttribute( \"value\", ( new Date() ).getTime() );\n\/* ]]> *\/\n<\/script>\n<\/p><div class=\"wpcf7-response-output\" aria-hidden=\"true\"><\/div>\n<\/form>\n<\/div>\n\n","protected":false},"excerpt":{"rendered":"<p>LATINA\u00a0 &#8211; La scommessa pi\u00f9 difficile del mandato Coletta, riportare la gestione dei rifiuti sotto il controllo totale del Comune di Latina, con l&#8217;obiettivo di reinvestire gli eventuali utili per alleggerire le bollette e rinforzare il servizio a favore dei cittadini, \u00e8 partita in questi giorni con il passaggio di consegne avvenuto nella notte tra [&hellip;]<\/p>\n","protected":false},"author":62,"featured_media":213319,"comment_status":"open","ping_status":"open","sticky":false,"template":"","format":"gallery","meta":{"footnotes":""},"categories":[7,2311,2403,2312],"tags":[],"class_list":["post-213284","post","type-post","status-publish","format-gallery","has-post-thumbnail","hentry","category-cronaca","category-foto","category-le-cose-in-comune","category-video","post_format-post-format-gallery"],"_links":{"self":[{"href":"https:\/\/www.radioluna.it\/news\/wp-json\/wp\/v2\/posts\/213284","targetHints":{"allow":["GET"]}}],"collection":[{"href":"https:\/\/www.radioluna.it\/news\/wp-json\/wp\/v2\/posts"}],"about":[{"href":"https:\/\/www.radioluna.it\/news\/wp-json\/wp\/v2\/types\/post"}],"author":[{"embeddable":true,"href":"https:\/\/www.radioluna.it\/news\/wp-json\/wp\/v2\/users\/62"}],"replies":[{"embeddable":true,"href":"https:\/\/www.radioluna.it\/news\/wp-json\/wp\/v2\/comments?post=213284"}],"version-history":[{"count":0,"href":"https:\/\/www.radioluna.it\/news\/wp-json\/wp\/v2\/posts\/213284\/revisions"}],"wp:featuredmedia":[{"embeddable":true,"href":"https:\/\/www.radioluna.it\/news\/wp-json\/wp\/v2\/media\/213319"}],"wp:attachment":[{"href":"https:\/\/www.radioluna.it\/news\/wp-json\/wp\/v2\/media?parent=213284"}],"wp:term":[{"taxonomy":"category","embeddable":true,"href":"https:\/\/www.radioluna.it\/news\/wp-json\/wp\/v2\/categories?post=213284"},{"taxonomy":"post_tag","embeddable":true,"href":"https:\/\/www.radioluna.it\/news\/wp-json\/wp\/v2\/tags?post=213284"}],"curies":[{"name":"wp","href":"https:\/\/api.w.org\/{rel}","templated":true}]}}