{"id":213344,"date":"2018-01-10T14:11:05","date_gmt":"2018-01-10T13:11:05","guid":{"rendered":"http:\/\/www.radioluna.it\/news\/?p=213344"},"modified":"2018-01-12T20:18:16","modified_gmt":"2018-01-12T19:18:16","slug":"raccolta-rifiuti-de-stefano-normalizzazione-del-servizio-entro-oggi","status":"publish","type":"post","link":"https:\/\/www.radioluna.it\/news\/2018\/01\/raccolta-rifiuti-de-stefano-normalizzazione-del-servizio-entro-oggi\/","title":{"rendered":"Raccolta rifiuti, De Stefano: &#8220;Normalizzazione del servizio entro oggi&#8221;"},"content":{"rendered":"<div id=\"fb-root\"><\/div>\n<p style=\"text-align: justify;\"><strong>LATINA<\/strong> &#8211; &#8220;La normalizzazione del servizio di raccolta dei rifiuti avverr\u00e0 entro oggi&#8221;. Lo ha detto il presidente di Abc Demetrio De Stefano nel suo intervento questa mattina a Le Cose in Comune su Radio Luna commentando la situazione che in alcuni quartieri \u00e8 apparsa anche molto critica.<\/p>\n<p style=\"text-align: justify;\">&#8220;Abbiamo ereditato un&#8217;azienda da una gestione fallimentare, con mezzi vecchi o non funzionanti, cassonetti in numero non sufficiente e alcuni danneggiati. Da dieci giorni stiamo lavorando h24, compresi i festivi, quindi anche la domenica, cosa che non era mai successa, e abbiamo cominciato con turni notturni che ci consentiranno di risolvere la situazione degli accumuli&#8221;.<\/p>\n<p style=\"text-align: justify;\">De Stefano si \u00e8 detto ottimista e ha dettato i tempi di alcune delle prossime tappe: entro l&#8217;anno\u00a0 sar\u00e0 avviata la raccolta differenziata porta a porta,\u00a0 per la quale &#8211; ha spiegato &#8211; serve l&#8217;intera flotta nuova. Abbiamo dunque bisogno di finanziamenti e per questo abbiamo gi\u00e0 fatto richiesta di mutuo alla cassa depositi e prestiti e in 4 mesi avremo i fondi. Entro sei mesi acquisteremo i nuovi mezzi e i cassonetti andranno a sparire. Nel frattempo per\u00f2 non stiamo fermi, abbiamo preso a noleggio altri quattro mezzi e stiamo cercando di recuperare dal mercato cassonetti di seconda mano, che siano naturalmente funzionanti&#8221;.<\/p>\n<p style=\"text-align: justify;\">Il presidente dell&#8217;azienda speciale di Latina ha parlato anche dell&#8217; abitudine (cattiva) indotta dal cosiddetto riassetto di cui si occupavano gli interinali, 50 persone rimaste per ora fuori dalla Abc, e ai quali si \u00e8 promessa la riassunzione con l&#8217;avvio del sistema porta a porta: &#8220;Quella del riassetto era un&#8217;anomalia. La spazzatura va messa nel cassonetto non sul marciapiede, con questo sistema si sono indotti gli abitanti ad essere un po&#8217; comodi. La gestione del rifiuto \u00e8 anche un fatto di responsabilit\u00e0, non condividiamo il concetto che da rifiuti si possano produrre altri rifiuti&#8221;.<\/p>\n<p style=\"text-align: justify;\">Gi\u00e0 ora, in fase di start up (10 giorni dal passaggio al nuovo gestore sono proprio un avvio), il tema di fondo \u00e8 la raccolta differenziata che dovr\u00e0 arrivare entro breve al 45% dall&#8217;attuale, scarso, 30%: &#8220;Dobbiamo mettere in circolo un sistema virtuoso in cui il valore del materiale raccolto, per quantit\u00e0 e qualit\u00e0, ci consenta di coprire i maggiori costi che il nuovo sistema di raccolta imporr\u00e0. Un comune come il nostro &#8211; spiega De Stefano &#8211;\u00a0 con una buona raccolta differenziata, pu\u00f2 riuscire ad incassare dal riciclo dei materiali, anche un milione di euro&#8221;.<\/p>\n<p style=\"text-align: justify;\">Star\u00e0 quindi anche a noi contribuire ad una citt\u00e0 pi\u00f9 pulita e magari a bollette meno salate. Baster\u00e0 rispettare le regole che gi\u00e0 oggi osserviamo quando andiamo per esempio in vacanza da Roma in su, magari quando si va a sciare o a passeggiare nel civilissimo Trentino. L&#8217;occasione che ci viene offerta non \u00e8 una qualsiasi, ma quella di diventare una citt\u00e0 migliore, accrescendo la consapevolezza di quanto i nostri comportamenti incidano sulla nostra stessa qualit\u00e0 della vita.<\/p>\n","protected":false},"excerpt":{"rendered":"<p>LATINA &#8211; &#8220;La normalizzazione del servizio di raccolta dei rifiuti avverr\u00e0 entro oggi&#8221;. Lo ha detto il presidente di Abc Demetrio De Stefano nel suo intervento questa mattina a Le Cose in Comune su Radio Luna commentando la situazione che in alcuni quartieri \u00e8 apparsa anche molto critica. &#8220;Abbiamo ereditato un&#8217;azienda da una gestione fallimentare, [&hellip;]<\/p>\n","protected":false},"author":62,"featured_media":213299,"comment_status":"open","ping_status":"open","sticky":false,"template":"","format":"standard","meta":{"footnotes":""},"categories":[7],"tags":[],"class_list":["post-213344","post","type-post","status-publish","format-standard","has-post-thumbnail","hentry","category-cronaca"],"_links":{"self":[{"href":"https:\/\/www.radioluna.it\/news\/wp-json\/wp\/v2\/posts\/213344","targetHints":{"allow":["GET"]}}],"collection":[{"href":"https:\/\/www.radioluna.it\/news\/wp-json\/wp\/v2\/posts"}],"about":[{"href":"https:\/\/www.radioluna.it\/news\/wp-json\/wp\/v2\/types\/post"}],"author":[{"embeddable":true,"href":"https:\/\/www.radioluna.it\/news\/wp-json\/wp\/v2\/users\/62"}],"replies":[{"embeddable":true,"href":"https:\/\/www.radioluna.it\/news\/wp-json\/wp\/v2\/comments?post=213344"}],"version-history":[{"count":0,"href":"https:\/\/www.radioluna.it\/news\/wp-json\/wp\/v2\/posts\/213344\/revisions"}],"wp:featuredmedia":[{"embeddable":true,"href":"https:\/\/www.radioluna.it\/news\/wp-json\/wp\/v2\/media\/213299"}],"wp:attachment":[{"href":"https:\/\/www.radioluna.it\/news\/wp-json\/wp\/v2\/media?parent=213344"}],"wp:term":[{"taxonomy":"category","embeddable":true,"href":"https:\/\/www.radioluna.it\/news\/wp-json\/wp\/v2\/categories?post=213344"},{"taxonomy":"post_tag","embeddable":true,"href":"https:\/\/www.radioluna.it\/news\/wp-json\/wp\/v2\/tags?post=213344"}],"curies":[{"name":"wp","href":"https:\/\/api.w.org\/{rel}","templated":true}]}}