{"id":213428,"date":"2018-01-11T07:36:13","date_gmt":"2018-01-11T06:36:13","guid":{"rendered":"http:\/\/www.radioluna.it\/news\/?p=213428"},"modified":"2018-01-14T05:26:47","modified_gmt":"2018-01-14T04:26:47","slug":"rifiuti-di-roma-ad-aprilia-si-arrabbia-il-sindaco-terra","status":"publish","type":"post","link":"https:\/\/www.radioluna.it\/news\/2018\/01\/rifiuti-di-roma-ad-aprilia-si-arrabbia-il-sindaco-terra\/","title":{"rendered":"Rifiuti di Roma ad Aprilia, si arrabbia il sindaco Terra"},"content":{"rendered":"<div id=\"fb-root\"><\/div>\n<p style=\"text-align: justify;\"><strong>APRILIA<\/strong> &#8211; Alza la voce il sindaco Terra dopo l&#8217;accordo tra Ama e Rida Ambiente che porter\u00e0 nell&#8217;impianto di Aprilia 40mila tonnellate indifferenziati di rifiuti di Roma. &#8220;Non \u00e8 la prima volta che la Citt\u00e0 di Aprilia, virtuosa dal punto di vista della gestione dei rifiuti, grazie ad una raccolta differenziata che ha superato il 70%, corre il serio rischio di pagare colpe non sue&#8221;.<\/p>\n<p style=\"text-align: justify;\">Terra si dice completamente contrario alla soluzione &#8220;che, tra l\u2019altro &#8211; aggiunge &#8211; mette in luce per l\u2019ennesima volta l\u2019incapacit\u00e0 politica ventennale di programmare e realizzare impianti per la gestione dei rifiuti nel contesto della Citt\u00e0 Metropolitana, finendo con lo scaricare le proprie inefficienze sugli altri. Troppo facile fare queste scelte con la scusa dell\u2019emergenza o del rischio di una procedura d\u2019infrazione da parte dell\u2019Unione Europea. Se Roma Capitale facesse il suo dovere in termini di raccolta differenziata, non dovremmo oggi con rammarico constatare che nonostante gli sforzi dei nostri concittadini compiuti in questi anni e gli ottimi risultati raggiunti, la Citt\u00e0 di Aprilia rischia di pagare un importante scotto ambientale, e con essa tutti gli altri Comuni che si sono mossi per tempo per la gestione dei propri rifiuti e nel rispetto della salute e dell\u2019igiene pubblica&#8221;.<\/p>\n","protected":false},"excerpt":{"rendered":"<p>APRILIA &#8211; Alza la voce il sindaco Terra dopo l&#8217;accordo tra Ama e Rida Ambiente che porter\u00e0 nell&#8217;impianto di Aprilia 40mila tonnellate indifferenziati di rifiuti di Roma. &#8220;Non \u00e8 la prima volta che la Citt\u00e0 di Aprilia, virtuosa dal punto di vista della gestione dei rifiuti, grazie ad una raccolta differenziata che ha superato il [&hellip;]<\/p>\n","protected":false},"author":62,"featured_media":213429,"comment_status":"open","ping_status":"open","sticky":false,"template":"","format":"standard","meta":{"footnotes":""},"categories":[7],"tags":[],"class_list":["post-213428","post","type-post","status-publish","format-standard","has-post-thumbnail","hentry","category-cronaca"],"_links":{"self":[{"href":"https:\/\/www.radioluna.it\/news\/wp-json\/wp\/v2\/posts\/213428","targetHints":{"allow":["GET"]}}],"collection":[{"href":"https:\/\/www.radioluna.it\/news\/wp-json\/wp\/v2\/posts"}],"about":[{"href":"https:\/\/www.radioluna.it\/news\/wp-json\/wp\/v2\/types\/post"}],"author":[{"embeddable":true,"href":"https:\/\/www.radioluna.it\/news\/wp-json\/wp\/v2\/users\/62"}],"replies":[{"embeddable":true,"href":"https:\/\/www.radioluna.it\/news\/wp-json\/wp\/v2\/comments?post=213428"}],"version-history":[{"count":0,"href":"https:\/\/www.radioluna.it\/news\/wp-json\/wp\/v2\/posts\/213428\/revisions"}],"wp:featuredmedia":[{"embeddable":true,"href":"https:\/\/www.radioluna.it\/news\/wp-json\/wp\/v2\/media\/213429"}],"wp:attachment":[{"href":"https:\/\/www.radioluna.it\/news\/wp-json\/wp\/v2\/media?parent=213428"}],"wp:term":[{"taxonomy":"category","embeddable":true,"href":"https:\/\/www.radioluna.it\/news\/wp-json\/wp\/v2\/categories?post=213428"},{"taxonomy":"post_tag","embeddable":true,"href":"https:\/\/www.radioluna.it\/news\/wp-json\/wp\/v2\/tags?post=213428"}],"curies":[{"name":"wp","href":"https:\/\/api.w.org\/{rel}","templated":true}]}}