{"id":213461,"date":"2018-01-11T11:23:18","date_gmt":"2018-01-11T10:23:18","guid":{"rendered":"http:\/\/www.radioluna.it\/news\/?p=213461"},"modified":"2018-01-12T09:15:02","modified_gmt":"2018-01-12T08:15:02","slug":"latina-cade-il-vetro-di-protezione-della-pensilina","status":"publish","type":"post","link":"https:\/\/www.radioluna.it\/news\/2018\/01\/latina-cade-il-vetro-di-protezione-della-pensilina\/","title":{"rendered":"Latina, cade il vetro di protezione della pensilina"},"content":{"rendered":"<div id=\"fb-root\"><\/div>\n<p style=\"text-align: justify;\"><strong>LATINA<\/strong> &#8211;\u00a0Da pi\u00f9 di qualche giorno, la lastra in vetro che dovrebbe proteggere dalle intemperie lo spazio di attesa della fermata dei bus, vicino al Tribunale di Latina, si \u00e8 staccata dal suo supporto ed \u00e8 caduta sul marciapiede infrangendosi. Per fortuna nessuno si \u00e8 fatto male. Ma ora, tra la pensilina che restringe il passaggio e il vetro rotto rimasto a terra, il marciapiede non \u00e8 percorribile nel tratto e pagarne le spese sono soprattutto passeggini e carrozzine. Qualcuno si \u00e8 affrettato a mettere del nastro rosso per segnalare il pericolo, ma non basta. A quando la rimozione?<\/p>\n","protected":false},"excerpt":{"rendered":"<p>LATINA &#8211;\u00a0Da pi\u00f9 di qualche giorno, la lastra in vetro che dovrebbe proteggere dalle intemperie lo spazio di attesa della fermata dei bus, vicino al Tribunale di Latina, si \u00e8 staccata dal suo supporto ed \u00e8 caduta sul marciapiede infrangendosi. Per fortuna nessuno si \u00e8 fatto male. Ma ora, tra la pensilina che restringe il [&hellip;]<\/p>\n","protected":false},"author":62,"featured_media":213464,"comment_status":"open","ping_status":"open","sticky":false,"template":"","format":"standard","meta":{"footnotes":""},"categories":[7],"tags":[],"class_list":["post-213461","post","type-post","status-publish","format-standard","has-post-thumbnail","hentry","category-cronaca"],"_links":{"self":[{"href":"https:\/\/www.radioluna.it\/news\/wp-json\/wp\/v2\/posts\/213461","targetHints":{"allow":["GET"]}}],"collection":[{"href":"https:\/\/www.radioluna.it\/news\/wp-json\/wp\/v2\/posts"}],"about":[{"href":"https:\/\/www.radioluna.it\/news\/wp-json\/wp\/v2\/types\/post"}],"author":[{"embeddable":true,"href":"https:\/\/www.radioluna.it\/news\/wp-json\/wp\/v2\/users\/62"}],"replies":[{"embeddable":true,"href":"https:\/\/www.radioluna.it\/news\/wp-json\/wp\/v2\/comments?post=213461"}],"version-history":[{"count":0,"href":"https:\/\/www.radioluna.it\/news\/wp-json\/wp\/v2\/posts\/213461\/revisions"}],"wp:featuredmedia":[{"embeddable":true,"href":"https:\/\/www.radioluna.it\/news\/wp-json\/wp\/v2\/media\/213464"}],"wp:attachment":[{"href":"https:\/\/www.radioluna.it\/news\/wp-json\/wp\/v2\/media?parent=213461"}],"wp:term":[{"taxonomy":"category","embeddable":true,"href":"https:\/\/www.radioluna.it\/news\/wp-json\/wp\/v2\/categories?post=213461"},{"taxonomy":"post_tag","embeddable":true,"href":"https:\/\/www.radioluna.it\/news\/wp-json\/wp\/v2\/tags?post=213461"}],"curies":[{"name":"wp","href":"https:\/\/api.w.org\/{rel}","templated":true}]}}