{"id":213470,"date":"2018-01-11T12:31:35","date_gmt":"2018-01-11T11:31:35","guid":{"rendered":"http:\/\/www.radioluna.it\/news\/?p=213470"},"modified":"2018-01-15T04:39:38","modified_gmt":"2018-01-15T03:39:38","slug":"tutte-le-regole-del-latina-vertical-sprint","status":"publish","type":"post","link":"https:\/\/www.radioluna.it\/news\/2018\/01\/tutte-le-regole-del-latina-vertical-sprint\/","title":{"rendered":"Tutte le regole del Latina Vertical Sprint"},"content":{"rendered":"<div id=\"fb-root\"><\/div>\n<p style=\"text-align: justify;\"><strong>LATINA &#8211;<\/strong>\u00a0Nel birrificio East Side \u00e8 stata presentata la quinta edizione del Reale Mutua Latina Vertical Sprint.\u00a0Si \u00e8 parlato di benessere e di\u00a0 cultura dello sport, di storia del territorio e del vertical che ha contagiato Latina. La disciplina \u00e8 nata dall\u2019idea di fare sport da parte di alcuni operai all\u2019interno dell\u2019 Empire State Building, che sar\u00e0 una delle scalate successive a quella di Latina, con Dallas, Indianapolis, Chicago, la Torre Eiffel e poi le torri di\u00a0 Germania, Polonia, Inghilterra, Cina.<\/p>\n<p style=\"text-align: justify;\">A Latina \u00e8 la Torre Pontina\u00a0(38 piani e 737 scalini)ad ospitare la gara\u00a0organizzata da Alberto Spagnoli (Latina Runners), Cristina Maione (Maione Store), Antonio Pierro (Reale Mutua) ed uno staff allargato di collaboratori.<\/p>\n<p><strong>ALBERTO SPAGNOLI E ANTONIO PIERRO SU RADIO UNA<\/strong><\/p>\n<audio class=\"wp-audio-shortcode\" id=\"audio-213470-1\" preload=\"none\" style=\"width: 100%;\" controls=\"controls\"><source type=\"audio\/mpeg\" src=\"http:\/\/www.radioluna.it\/news\/wp-content\/uploads\/2018\/01\/vertical-sprint.mp3?_=1\" \/><a href=\"http:\/\/www.radioluna.it\/news\/wp-content\/uploads\/2018\/01\/vertical-sprint.mp3\">http:\/\/www.radioluna.it\/news\/wp-content\/uploads\/2018\/01\/vertical-sprint.mp3<\/a><\/audio>\n<p style=\"text-align: justify;\">GLI ATLETI &#8211; Gli atleti provengono da ogni dove: Messico, Francia, Lussemburgo, Piemonte, Lombardia, Veneto, Toscana, Abruzzo, Campania, Sicilia, ovviamente tutto il Lazio, molta provincia di Roma, Frosinone e Latina chiaramente in maggioranza. Ci sono a disposizione gli ultimi posti per partecipare ad una gara a numero chiuso. Ai nastri di partenza podisti, ciclisti, atleti di cross fit, corsa in montagna, triathlon, spantan race, skiroll etc.<\/p>\n<p style=\"text-align: justify;\">Salvatore Ferrara, siciliano di Taormina, Classe 1948, \u00e8 il veterano del gruppo. La pi\u00f9 giovane \u00e8 Amandine Bertrand, 23 anni, francese di Sainte-Foy-l\u00e8s-Lyon, comune che confina con Lione.<\/p>\n<p style=\"text-align: justify;\">Sono aumentate le donne, pi\u00f9 di 30 ai nastri di partenza. Tra loro la Svabikova. Prover\u00e0 di nuovo a contrastarla la lombarda Ivonne Martinucci. Ritorna anche Anche Cristina Bonacina, della Talamona Sondrio, vincitrice della prima edizione.<\/p>\n<p style=\"text-align: justify;\">Due manche. Partenze scaglionate nella prima, ogni 15-20 secondi. Nella prima i big partono davanti. La seconda manche, alla quale si qualificano i dieci migliori tempi maschili e i 5 migliori tempi femminili, sar\u00e0 una crono<\/p>\n<p style=\"text-align: justify;\">PROGRAMMA<\/p>\n<p style=\"text-align: justify;\">8.00 \u2013 Ritrovo all\u2019ingresso del Grattacielo \u201c La Torre Pontina \u201c in via Ufente 24.<\/p>\n<p style=\"text-align: justify;\">9.00 \u2013 Inizio visite guidate<\/p>\n<p style=\"text-align: justify;\">9.45 \u2013 Breafing con gli atleti<\/p>\n<p style=\"text-align: justify;\">10:00 \u2013 Partenza gara (prima manche)<\/p>\n<p style=\"text-align: justify;\">11.15 \u2013 Finale donne<\/p>\n<p style=\"text-align: justify;\">11.25 \u2013 Finale uomini<\/p>\n<p style=\"text-align: justify;\">11.50 \u2013 Premiazioni<\/p>\n<p style=\"text-align: justify;\">12.00 \u2013 Pasta party<\/p>\n","protected":false},"excerpt":{"rendered":"<p>LATINA &#8211;\u00a0Nel birrificio East Side \u00e8 stata presentata la quinta edizione del Reale Mutua Latina Vertical Sprint.\u00a0Si \u00e8 parlato di benessere e di\u00a0 cultura dello sport, di storia del territorio e del vertical che ha contagiato Latina. La disciplina \u00e8 nata dall\u2019idea di fare sport da parte di alcuni operai all\u2019interno dell\u2019 Empire State Building, [&hellip;]<\/p>\n","protected":false},"author":62,"featured_media":213472,"comment_status":"open","ping_status":"open","sticky":false,"template":"","format":"standard","meta":{"footnotes":""},"categories":[2310,17],"tags":[],"class_list":["post-213470","post","type-post","status-publish","format-standard","has-post-thumbnail","hentry","category-audio","category-sport"],"_links":{"self":[{"href":"https:\/\/www.radioluna.it\/news\/wp-json\/wp\/v2\/posts\/213470","targetHints":{"allow":["GET"]}}],"collection":[{"href":"https:\/\/www.radioluna.it\/news\/wp-json\/wp\/v2\/posts"}],"about":[{"href":"https:\/\/www.radioluna.it\/news\/wp-json\/wp\/v2\/types\/post"}],"author":[{"embeddable":true,"href":"https:\/\/www.radioluna.it\/news\/wp-json\/wp\/v2\/users\/62"}],"replies":[{"embeddable":true,"href":"https:\/\/www.radioluna.it\/news\/wp-json\/wp\/v2\/comments?post=213470"}],"version-history":[{"count":0,"href":"https:\/\/www.radioluna.it\/news\/wp-json\/wp\/v2\/posts\/213470\/revisions"}],"wp:featuredmedia":[{"embeddable":true,"href":"https:\/\/www.radioluna.it\/news\/wp-json\/wp\/v2\/media\/213472"}],"wp:attachment":[{"href":"https:\/\/www.radioluna.it\/news\/wp-json\/wp\/v2\/media?parent=213470"}],"wp:term":[{"taxonomy":"category","embeddable":true,"href":"https:\/\/www.radioluna.it\/news\/wp-json\/wp\/v2\/categories?post=213470"},{"taxonomy":"post_tag","embeddable":true,"href":"https:\/\/www.radioluna.it\/news\/wp-json\/wp\/v2\/tags?post=213470"}],"curies":[{"name":"wp","href":"https:\/\/api.w.org\/{rel}","templated":true}]}}