{"id":213639,"date":"2018-01-13T08:19:02","date_gmt":"2018-01-13T07:19:02","guid":{"rendered":"http:\/\/www.radioluna.it\/news\/?p=213639"},"modified":"2018-01-15T07:31:29","modified_gmt":"2018-01-15T06:31:29","slug":"latina-una-cyclette-abbandonata-in-strada-ora-e-troppo","status":"publish","type":"post","link":"https:\/\/www.radioluna.it\/news\/2018\/01\/latina-una-cyclette-abbandonata-in-strada-ora-e-troppo\/","title":{"rendered":"Latina, una cyclette abbandonata in strada: ora \u00e8 troppo"},"content":{"rendered":"<div id=\"fb-root\"><\/div>\n<p style=\"text-align: justify;\"><strong>LATINA<\/strong> &#8211; Un balzo all&#8217;indietro. E&#8217; quello che sembra aver fatto Latina da quando \u00e8 entrata in funzione Abc, l&#8217;azienda speciale per la raccolta dei rifiuti. Ma chiariamo: non per colpa dell&#8217;azienda, i cui 145 dipendenti stanno lavorando intensamente. Piuttosto, a causa degli utenti. E siccome ha ragione sacrosanta chi si indigna se si generalizza, dicendo che i cittadini del capoluogo sono incivili, sar\u00e0 bene puntualizzare che &#8220;lo sono solo quelli che, ben consapevoli del danno che arrecano alla collettivit\u00e0 e al decoro di Latina, depositano spazzatura e altro sul marciapiede&#8221;.<\/p>\n<p style=\"text-align: justify;\"><strong>Esattamente come l&#8217;incivile che ha messo sotto un platano in Viale Petrarca addirittura una vecchia cyclette (la foto \u00e8 stata scattata ieri pomeriggio da un lettore).<\/strong><\/p>\n<p style=\"text-align: justify;\">Dove si vuole arrivare? La spazzatura fuori dai cassonetti \u00e8 troppa, e i camion devono fare un doppio passaggio per provare a contrastare la cattiva abitudine di usare le strade come discarica. Un costo che paghiamo tutti. Sui social, tanti cittadini segnalano situazioni di menefreghismo totale e assenza di regole. Ma chi ci rimette? Anche chi sporca, perch\u00e9 vive in un posto peggiore e fa vivere i propri familiari in una citt\u00e0 meno accogliente e bella.<\/p>\n<p style=\"text-align: justify;\">Solo per citare un caso: ieri, con il buio, un camioncino blu \u00e8 stato visto dai residenti abbandonare, a Latina Scalo, in un caseggiato residenziale, una quantit\u00e0 di rifiuti anche speciali, che ha lasciato come regalo a chi vive nella zona. (Anche questa segnalazione \u00e8 di un lettore, che ringraziamo). Purtroppo, non \u00e8 uno solo. Gli sporcatori abituali cominciano ad essere troppi.<\/p>\n<p style=\"text-align: justify;\">A questo punto e vista l&#8217;assenza totale di controllo, varrebbe la pena di diventare controllori di noi stessi: prendere targhe, scattare foto e denunciare chi danneggia gli altri.\u00a0\u00a0Civile significa letteralmente:: &#8220;interno alla citt\u00e0, alla comunit\u00e0&#8221;. Allora, sentiamoci <em>interni<\/em> a questa comunit\u00e0. La citt\u00e0 \u00e8 di tutti, non lasciamola in mano a chi ama vivere nel degrado.<\/p>\n<p><strong>NELLA GALLERY ANCHE A SITUAZIONE DOPO IL PASSAGGIO DEI LAVORATORI DI ABC:<\/strong><strong> SABATO 13 GENNAIO (ALLE 12). <\/strong>Vediamo quanto dura.<\/p>\n","protected":false},"excerpt":{"rendered":"<p>LATINA &#8211; Un balzo all&#8217;indietro. E&#8217; quello che sembra aver fatto Latina da quando \u00e8 entrata in funzione Abc, l&#8217;azienda speciale per la raccolta dei rifiuti. Ma chiariamo: non per colpa dell&#8217;azienda, i cui 145 dipendenti stanno lavorando intensamente. Piuttosto, a causa degli utenti. E siccome ha ragione sacrosanta chi si indigna se si generalizza, [&hellip;]<\/p>\n","protected":false},"author":62,"featured_media":213640,"comment_status":"open","ping_status":"open","sticky":false,"template":"","format":"gallery","meta":{"footnotes":""},"categories":[7,2311],"tags":[],"class_list":["post-213639","post","type-post","status-publish","format-gallery","has-post-thumbnail","hentry","category-cronaca","category-foto","post_format-post-format-gallery"],"_links":{"self":[{"href":"https:\/\/www.radioluna.it\/news\/wp-json\/wp\/v2\/posts\/213639","targetHints":{"allow":["GET"]}}],"collection":[{"href":"https:\/\/www.radioluna.it\/news\/wp-json\/wp\/v2\/posts"}],"about":[{"href":"https:\/\/www.radioluna.it\/news\/wp-json\/wp\/v2\/types\/post"}],"author":[{"embeddable":true,"href":"https:\/\/www.radioluna.it\/news\/wp-json\/wp\/v2\/users\/62"}],"replies":[{"embeddable":true,"href":"https:\/\/www.radioluna.it\/news\/wp-json\/wp\/v2\/comments?post=213639"}],"version-history":[{"count":0,"href":"https:\/\/www.radioluna.it\/news\/wp-json\/wp\/v2\/posts\/213639\/revisions"}],"wp:featuredmedia":[{"embeddable":true,"href":"https:\/\/www.radioluna.it\/news\/wp-json\/wp\/v2\/media\/213640"}],"wp:attachment":[{"href":"https:\/\/www.radioluna.it\/news\/wp-json\/wp\/v2\/media?parent=213639"}],"wp:term":[{"taxonomy":"category","embeddable":true,"href":"https:\/\/www.radioluna.it\/news\/wp-json\/wp\/v2\/categories?post=213639"},{"taxonomy":"post_tag","embeddable":true,"href":"https:\/\/www.radioluna.it\/news\/wp-json\/wp\/v2\/tags?post=213639"}],"curies":[{"name":"wp","href":"https:\/\/api.w.org\/{rel}","templated":true}]}}