{"id":213689,"date":"2018-01-14T02:08:47","date_gmt":"2018-01-14T01:08:47","guid":{"rendered":"http:\/\/www.radioluna.it\/news\/?p=213689"},"modified":"2018-01-14T06:38:56","modified_gmt":"2018-01-14T05:38:56","slug":"carabiniere-fuori-servizio-arresta-due-ladri-a-latina-scalo","status":"publish","type":"post","link":"https:\/\/www.radioluna.it\/news\/2018\/01\/carabiniere-fuori-servizio-arresta-due-ladri-a-latina-scalo\/","title":{"rendered":"Carabiniere fuori servizio arresta due ladri a Latina Scalo"},"content":{"rendered":"<div id=\"fb-root\"><\/div>\n<p style=\"text-align: justify;\"><strong>LATINA<\/strong> &#8211; Stavano rubando gli infissi in alluminio di un&#8217;azienda dismessa di Latina Scalo. Due persone sono state arrestate da un carabiniere fuori servizio che ha sorpreso sul fatto e in flagranza un 26enne di Frosinone e un 23enne di Latina, gi\u00e0 noti negli archivi delle forze dell&#8217;ordine. L&#8217;episodio \u00e8 avvenuto ieri quando il carabiniere si \u00e8 insospettito dell&#8217;atteggiamento dei due giovani e li ha seguiti in via Gloria, dopo che i due hanno abbandonato la vettura e hanno forzato la recinzione per entrare nello stabilimento sono stati sorpresi dal carabinieri che nel frattempo aveva raggiunto i colleghi. I due ladri saranno processati il 15 gennaio per direttissima.<\/p>\n","protected":false},"excerpt":{"rendered":"<p>LATINA &#8211; Stavano rubando gli infissi in alluminio di un&#8217;azienda dismessa di Latina Scalo. Due persone sono state arrestate da un carabiniere fuori servizio che ha sorpreso sul fatto e in flagranza un 26enne di Frosinone e un 23enne di Latina, gi\u00e0 noti negli archivi delle forze dell&#8217;ordine. L&#8217;episodio \u00e8 avvenuto ieri quando il carabiniere [&hellip;]<\/p>\n","protected":false},"author":60,"featured_media":213690,"comment_status":"open","ping_status":"open","sticky":false,"template":"","format":"standard","meta":{"footnotes":""},"categories":[7],"tags":[],"class_list":["post-213689","post","type-post","status-publish","format-standard","has-post-thumbnail","hentry","category-cronaca"],"_links":{"self":[{"href":"https:\/\/www.radioluna.it\/news\/wp-json\/wp\/v2\/posts\/213689","targetHints":{"allow":["GET"]}}],"collection":[{"href":"https:\/\/www.radioluna.it\/news\/wp-json\/wp\/v2\/posts"}],"about":[{"href":"https:\/\/www.radioluna.it\/news\/wp-json\/wp\/v2\/types\/post"}],"author":[{"embeddable":true,"href":"https:\/\/www.radioluna.it\/news\/wp-json\/wp\/v2\/users\/60"}],"replies":[{"embeddable":true,"href":"https:\/\/www.radioluna.it\/news\/wp-json\/wp\/v2\/comments?post=213689"}],"version-history":[{"count":0,"href":"https:\/\/www.radioluna.it\/news\/wp-json\/wp\/v2\/posts\/213689\/revisions"}],"wp:featuredmedia":[{"embeddable":true,"href":"https:\/\/www.radioluna.it\/news\/wp-json\/wp\/v2\/media\/213690"}],"wp:attachment":[{"href":"https:\/\/www.radioluna.it\/news\/wp-json\/wp\/v2\/media?parent=213689"}],"wp:term":[{"taxonomy":"category","embeddable":true,"href":"https:\/\/www.radioluna.it\/news\/wp-json\/wp\/v2\/categories?post=213689"},{"taxonomy":"post_tag","embeddable":true,"href":"https:\/\/www.radioluna.it\/news\/wp-json\/wp\/v2\/tags?post=213689"}],"curies":[{"name":"wp","href":"https:\/\/api.w.org\/{rel}","templated":true}]}}