{"id":213719,"date":"2018-01-14T14:52:10","date_gmt":"2018-01-14T13:52:10","guid":{"rendered":"http:\/\/www.radioluna.it\/news\/?p=213719"},"modified":"2018-01-14T20:29:46","modified_gmt":"2018-01-14T19:29:46","slug":"sperlonga-nuovo-incidente-sulla-flacca-si-ribalta-bisarca-con-il-carico","status":"publish","type":"post","link":"https:\/\/www.radioluna.it\/news\/2018\/01\/sperlonga-nuovo-incidente-sulla-flacca-si-ribalta-bisarca-con-il-carico\/","title":{"rendered":"Sperlonga, nuovo incidente sulla Flacca: si ribalta bisarca con il carico"},"content":{"rendered":"<div id=\"fb-root\"><\/div>\n<p style=\"text-align: justify;\"><strong>SPERLONGA<\/strong> &#8211; Nuovo incidente stradale sulla strada regionale Flacca dove sabato era avvenuto un altro incidente che aveva paralizzato la viabilit\u00e0. Nella notte poco prima delle 3 all&#8217;altezza del chilometro 13 a Sperlonga, un tir \u00e8 uscito fuori strada e c&#8217;\u00e8 voluto l&#8217;intervento dei vigili del fuoco per recuperare il mezzo anche con l&#8217;ausilio di una autogru. Sono stati diversi i disagi alla circolazione e la strada \u00e8 stata riaperta poco prima delle 10. A Itri invece all&#8217;altezza del chilometro 113 dell&#8217;Appia\u00a0 sempre i vigili del fuoco sono intervenuti per la messa in sicurezza del guardrail danneggiato a seguito di un incidente stradale.<\/p>\n","protected":false},"excerpt":{"rendered":"<p>SPERLONGA &#8211; Nuovo incidente stradale sulla strada regionale Flacca dove sabato era avvenuto un altro incidente che aveva paralizzato la viabilit\u00e0. Nella notte poco prima delle 3 all&#8217;altezza del chilometro 13 a Sperlonga, un tir \u00e8 uscito fuori strada e c&#8217;\u00e8 voluto l&#8217;intervento dei vigili del fuoco per recuperare il mezzo anche con l&#8217;ausilio di [&hellip;]<\/p>\n","protected":false},"author":60,"featured_media":213720,"comment_status":"open","ping_status":"open","sticky":false,"template":"","format":"standard","meta":{"footnotes":""},"categories":[7],"tags":[],"class_list":["post-213719","post","type-post","status-publish","format-standard","has-post-thumbnail","hentry","category-cronaca"],"_links":{"self":[{"href":"https:\/\/www.radioluna.it\/news\/wp-json\/wp\/v2\/posts\/213719","targetHints":{"allow":["GET"]}}],"collection":[{"href":"https:\/\/www.radioluna.it\/news\/wp-json\/wp\/v2\/posts"}],"about":[{"href":"https:\/\/www.radioluna.it\/news\/wp-json\/wp\/v2\/types\/post"}],"author":[{"embeddable":true,"href":"https:\/\/www.radioluna.it\/news\/wp-json\/wp\/v2\/users\/60"}],"replies":[{"embeddable":true,"href":"https:\/\/www.radioluna.it\/news\/wp-json\/wp\/v2\/comments?post=213719"}],"version-history":[{"count":0,"href":"https:\/\/www.radioluna.it\/news\/wp-json\/wp\/v2\/posts\/213719\/revisions"}],"wp:featuredmedia":[{"embeddable":true,"href":"https:\/\/www.radioluna.it\/news\/wp-json\/wp\/v2\/media\/213720"}],"wp:attachment":[{"href":"https:\/\/www.radioluna.it\/news\/wp-json\/wp\/v2\/media?parent=213719"}],"wp:term":[{"taxonomy":"category","embeddable":true,"href":"https:\/\/www.radioluna.it\/news\/wp-json\/wp\/v2\/categories?post=213719"},{"taxonomy":"post_tag","embeddable":true,"href":"https:\/\/www.radioluna.it\/news\/wp-json\/wp\/v2\/tags?post=213719"}],"curies":[{"name":"wp","href":"https:\/\/api.w.org\/{rel}","templated":true}]}}