{"id":214163,"date":"2018-01-18T09:12:59","date_gmt":"2018-01-18T08:12:59","guid":{"rendered":"http:\/\/www.radioluna.it\/news\/?p=214163"},"modified":"2018-01-20T07:48:54","modified_gmt":"2018-01-20T06:48:54","slug":"autopsia-sul-corpo-di-alberto-liberti-trovato-in-acqua-a-foce-del-duca","status":"publish","type":"post","link":"https:\/\/www.radioluna.it\/news\/2018\/01\/autopsia-sul-corpo-di-alberto-liberti-trovato-in-acqua-a-foce-del-duca\/","title":{"rendered":"Autopsia sul corpo di Alberto Liberti, trovato in acqua a Foce Del Duca"},"content":{"rendered":"<div id=\"fb-root\"><\/div>\n<p style=\"text-align: justify;\"><strong>LATINA<\/strong> &#8211;\u00a0Sar\u00e0 eseguita l&#8217;autopsia sul corpo di Alberto Liberti l&#8217;uomo di 64 anni trovato morto nelle acque di Foce Del Duca al Lido di Latina ieri mattina poco dopo le 8,30 con una profonda ferita alla testa. La ricostruzione delle ultime ore di vita \u00e8 stata fatta dagli investigatori della squadra mobile cui sono affidate le indagini, ma per chiarire con certezza le cause e le modalit\u00e0 della morte, servono altri elementi che arriveranno dagli esami della Scientifica e del medico Legale Maria Cristina Setacci.<\/p>\n<p style=\"text-align: justify;\">L&#8217;uomo, sposato e con un figlio, era da molto tempo in pensione, una vita regolare, specchiata. Anche ieri mattina si era alzato presto uscendo di casa in tuta da ginnastica per fare una passeggiata e seguire i lavori di ristrutturazione di una casa di famiglia. E&#8217; da qui che ha preso la macchina, forse gi\u00e0 ferito alla testa ed \u00e8 andato al mare dove ha parcheggiato lasciando il telefono in auto. Il corpo \u00e8 stato poi avvistato da un passante che la dato l&#8217;allarme, nel canale che congiunge il Lago di Fogliano al mare.<\/p>\n<p style=\"text-align: justify;\">La scena \u00e8 stata a lungo analizzata dalla scientifica. Tracce di sangue che dovranno essere analizzate sono state trovate su un martello da muratore nel cantiere che Liberti aveva visitato, potrebbe essere questo il reperto pi\u00f9 importante,\u00a0 e nella Mercedes classe B dell&#8217;uomo oltre che sul suo cellulare. Anche se l&#8217;ipotesi pi\u00f9 accreditata apparentemente \u00e8 quella del suicidio, gli investigatori coordinati dal sostituto procuratore Gregorio Capasso devono poter escludere ogni dubbio, anche perch\u00e9 le modalit\u00e0 in cui tutto \u00e8 avvenuto sono certamente non ordinarie.<\/p>\n<div class=\"radio-posizionamento-telefono-in-articoli-dopo-il-contenuto-articolo radio-entity-placement\" id=\"radio-386406081\"><div id=\"radio-4009004090\"><a href=\"https:\/\/grupporedi.it\/\" aria-label=\"Redi-Qr\"><img loading=\"lazy\" decoding=\"async\" src=\"https:\/\/www.radioluna.it\/news\/wp-content\/uploads\/2026\/03\/Redi-Qr.jpg\" alt=\"\"  srcset=\"https:\/\/www.radioluna.it\/news\/wp-content\/uploads\/2026\/03\/Redi-Qr.jpg 800w, https:\/\/www.radioluna.it\/news\/wp-content\/uploads\/2026\/03\/Redi-Qr-768x639.jpg 768w\" sizes=\"(max-width: 800px) 100vw, 800px\" width=\"300\" height=\"250\"   \/><\/a><\/div><\/div>","protected":false},"excerpt":{"rendered":"<p>LATINA &#8211;\u00a0Sar\u00e0 eseguita l&#8217;autopsia sul corpo di Alberto Liberti l&#8217;uomo di 64 anni trovato morto nelle acque di Foce Del Duca al Lido di Latina ieri mattina poco dopo le 8,30 con una profonda ferita alla testa. La ricostruzione delle ultime ore di vita \u00e8 stata fatta dagli investigatori della squadra mobile cui sono affidate [&hellip;]<\/p>\n","protected":false},"author":62,"featured_media":214107,"comment_status":"open","ping_status":"open","sticky":false,"template":"","format":"standard","meta":{"footnotes":""},"categories":[7],"tags":[],"class_list":["post-214163","post","type-post","status-publish","format-standard","has-post-thumbnail","hentry","category-cronaca"],"_links":{"self":[{"href":"https:\/\/www.radioluna.it\/news\/wp-json\/wp\/v2\/posts\/214163","targetHints":{"allow":["GET"]}}],"collection":[{"href":"https:\/\/www.radioluna.it\/news\/wp-json\/wp\/v2\/posts"}],"about":[{"href":"https:\/\/www.radioluna.it\/news\/wp-json\/wp\/v2\/types\/post"}],"author":[{"embeddable":true,"href":"https:\/\/www.radioluna.it\/news\/wp-json\/wp\/v2\/users\/62"}],"replies":[{"embeddable":true,"href":"https:\/\/www.radioluna.it\/news\/wp-json\/wp\/v2\/comments?post=214163"}],"version-history":[{"count":0,"href":"https:\/\/www.radioluna.it\/news\/wp-json\/wp\/v2\/posts\/214163\/revisions"}],"wp:featuredmedia":[{"embeddable":true,"href":"https:\/\/www.radioluna.it\/news\/wp-json\/wp\/v2\/media\/214107"}],"wp:attachment":[{"href":"https:\/\/www.radioluna.it\/news\/wp-json\/wp\/v2\/media?parent=214163"}],"wp:term":[{"taxonomy":"category","embeddable":true,"href":"https:\/\/www.radioluna.it\/news\/wp-json\/wp\/v2\/categories?post=214163"},{"taxonomy":"post_tag","embeddable":true,"href":"https:\/\/www.radioluna.it\/news\/wp-json\/wp\/v2\/tags?post=214163"}],"curies":[{"name":"wp","href":"https:\/\/api.w.org\/{rel}","templated":true}]}}