{"id":214567,"date":"2018-08-27T12:42:07","date_gmt":"2018-08-27T10:42:07","guid":{"rendered":"http:\/\/www.radioluna.it\/news\/?p=214567"},"modified":"2018-08-27T13:39:51","modified_gmt":"2018-08-27T11:39:51","slug":"gli-ebrei-perseguitati-nella-provincia-del-duce","status":"publish","type":"post","link":"https:\/\/www.radioluna.it\/news\/2018\/08\/gli-ebrei-perseguitati-nella-provincia-del-duce\/","title":{"rendered":"Gli ebrei perseguitati nella provincia del Duce"},"content":{"rendered":"<div id=\"fb-root\"><\/div>\n<p style=\"text-align: justify;\"><strong>LATINA<\/strong> &#8211; Licia Pastore ci ricorda la storia degli ebrei pontini che furono perseguitati &#8220;per non aver dato prova di serio ravvedimento&#8221;, e lo fa intervistando Emilio Drudi giornalista e studioso pontino che a questo argomento ha dedicato le sue ricerche e un libro edito da Giuntine.<\/p>\n<p style=\"text-align: justify;\">&#8220;Tra il 1938 e i giorni della liberazione, alla fine di maggio del 1944, sono una quarantina gli ebrei schedati a Littoria e nella sua provincia in base alle leggi razziali. La loro storia non \u00e8 mai stata raccontata. In realt\u00e0 l&#8217;Agro Pontino si \u00e8 rivelato un laboratorio per creare il &#8220;nuovo italiano fascista&#8221;, un &#8220;ordine&#8221; nel quale non c&#8217;era posto per gli ebrei&#8221;, dice Drudi che racconta &#8220;lo sconvolgimento a cui, a partire dal 1938, sono stati condannati questi 40 tra uomini, donne e ragazze nel loro vivere quotidiano e poi, dopo l&#8217;8 settembre 1943, quando \u00e8 cominciata la caccia all&#8217;ebreo, i mesi passati alla macchia, ogni giorno con il terrore di essere scoperti, arrestati e deportati&#8221;.<\/p>\n<p><strong>I NOSTRI LIBRI\u00a0<\/strong><\/p>\n<audio class=\"wp-audio-shortcode\" id=\"audio-214567-1\" preload=\"none\" style=\"width: 100%;\" controls=\"controls\"><source type=\"audio\/mpeg\" src=\"https:\/\/www.radioluna.it\/news\/wp-content\/uploads\/2018\/01\/i-nostri-libri-4.mp3?_=1\" \/><a href=\"https:\/\/www.radioluna.it\/news\/wp-content\/uploads\/2018\/01\/i-nostri-libri-4.mp3\">https:\/\/www.radioluna.it\/news\/wp-content\/uploads\/2018\/01\/i-nostri-libri-4.mp3<\/a><\/audio>\n<p style=\"text-align: justify;\"><strong>CHI E&#8217; L&#8217;AUTORE &#8211;\u00a0<\/strong>Giornalista, gi\u00e0 responsabile delle edizioni regionali e vice capo redattore della cronaca di Roma de Il Messaggero, \u00e8 autore di studi e pubblicazioni di storia locale, soprattutto su Latina, l\u2019Agro Pontino e le grandi bonifiche effettuate negli anni Trenta del &#8216;900. Ha approfondito i problemi dell\u2019immigrazione, occupandosi in particolare della tragedia dei profughi provenienti dal Sud del mondo, con una serie di servizi giornalistici e collaborando con l\u2019agenzia Habeshia. E&#8217; tra i fondatori del Comitato Verit\u00e0 e Giustizia per i Nuovi Desaparecidos del Mediterraneo. Con la Giuntina di Firenze ha pubblicato due libri legati alla persecuzione antisemita e alla Shoah: nel 2012, Un Cammino lungo un anno, Gli ebrei salvati dal primo italiano Giusto tra le Nazioni; nel 2014, Non ha dato prova di serio ravvedimento. Gli ebrei perseguitati nella provincia del duce.<\/p>\n<p style=\"text-align: justify;\">\n","protected":false},"excerpt":{"rendered":"<p>LATINA &#8211; Licia Pastore ci ricorda la storia degli ebrei pontini che furono perseguitati &#8220;per non aver dato prova di serio ravvedimento&#8221;, e lo fa intervistando Emilio Drudi giornalista e studioso pontino che a questo argomento ha dedicato le sue ricerche e un libro edito da Giuntine. &#8220;Tra il 1938 e i giorni della liberazione, [&hellip;]<\/p>\n","protected":false},"author":60,"featured_media":214574,"comment_status":"open","ping_status":"closed","sticky":false,"template":"","format":"standard","meta":{"footnotes":""},"categories":[2310,2424],"tags":[],"class_list":["post-214567","post","type-post","status-publish","format-standard","has-post-thumbnail","hentry","category-audio","category-i-nostri-libri"],"_links":{"self":[{"href":"https:\/\/www.radioluna.it\/news\/wp-json\/wp\/v2\/posts\/214567","targetHints":{"allow":["GET"]}}],"collection":[{"href":"https:\/\/www.radioluna.it\/news\/wp-json\/wp\/v2\/posts"}],"about":[{"href":"https:\/\/www.radioluna.it\/news\/wp-json\/wp\/v2\/types\/post"}],"author":[{"embeddable":true,"href":"https:\/\/www.radioluna.it\/news\/wp-json\/wp\/v2\/users\/60"}],"replies":[{"embeddable":true,"href":"https:\/\/www.radioluna.it\/news\/wp-json\/wp\/v2\/comments?post=214567"}],"version-history":[{"count":0,"href":"https:\/\/www.radioluna.it\/news\/wp-json\/wp\/v2\/posts\/214567\/revisions"}],"wp:featuredmedia":[{"embeddable":true,"href":"https:\/\/www.radioluna.it\/news\/wp-json\/wp\/v2\/media\/214574"}],"wp:attachment":[{"href":"https:\/\/www.radioluna.it\/news\/wp-json\/wp\/v2\/media?parent=214567"}],"wp:term":[{"taxonomy":"category","embeddable":true,"href":"https:\/\/www.radioluna.it\/news\/wp-json\/wp\/v2\/categories?post=214567"},{"taxonomy":"post_tag","embeddable":true,"href":"https:\/\/www.radioluna.it\/news\/wp-json\/wp\/v2\/tags?post=214567"}],"curies":[{"name":"wp","href":"https:\/\/api.w.org\/{rel}","templated":true}]}}