{"id":215134,"date":"2018-01-30T09:19:17","date_gmt":"2018-01-30T08:19:17","guid":{"rendered":"http:\/\/www.radioluna.it\/news\/?p=215134"},"modified":"2018-01-31T09:49:35","modified_gmt":"2018-01-31T08:49:35","slug":"leccidio-di-roccagorga-il-riscatto-dei-contadini","status":"publish","type":"post","link":"https:\/\/www.radioluna.it\/news\/2018\/01\/leccidio-di-roccagorga-il-riscatto-dei-contadini\/","title":{"rendered":"L&#8217;eccidio di Roccagorga, il riscatto dei contadini"},"content":{"rendered":"<div id=\"fb-root\"><\/div>\n<p style=\"text-align: justify;\"><strong>LATINA<\/strong> &#8211; Il 6 gennaio scorso a Roccagorga \u00e8 stato ricordato l&#8217;eccidio di alcuni contadini in particolare donne. Un evento storico che viene raccontato in un nuovo libro di Atlantide Editore, a cura di Vittorio Cotesta, professore e sociologo che Licia Pastore ha intervistato.<\/p>\n<p style=\"text-align: justify;\">Una nuova ricostruzione corale, curata da Vittorio Cotesta, del noto eccidio del 6 gennaio 1913 avvenuto a Roccagorga oggi in provincia di Latina all\u2019epoca campagna romana, quando l\u2019esercito per reprimere una protesta popolare contro la cattiva amministrazione apr\u00ec il fuoco causando sette morti, tra cui due donne e un bambino, e quaranta feriti. L\u2019 \u201cassassinio di stato\u201d come fu definito dal giovane direttore dell\u2019 Avanti Benito Mussolini, per tale motivo processato, ricostruito attraverso documenti d\u2019archivio, pubblicazioni, testimonianze orali raccolte nel corso degli anni e nuove analisi interpretative. Il dibattito parlamentare, la vicenda processuale, il protagonismo delle donne, i profili dei principali attori degli avvenimenti, l\u2019impatto della strage su una piccola comunit\u00e0 contadina che d\u2019improvviso si trov\u00f2 sulle prime pagine dei quotidiani nazionali e nella cronaca di quelli europei, sul palcoscenico della grande storia. Secondo Antonio Gramsci fu proprio questa strage proletaria l\u2019origine reale della cosiddetta \u201cSettimana rossa\u201d che nel giugno del 1914 scosse l\u2019Italia con le sue agitazioni popolari.<\/p>\n<p><strong>I NOSTRI LIBRI\u00a0<\/strong><\/p>\n<audio class=\"wp-audio-shortcode\" id=\"audio-215134-1\" preload=\"none\" style=\"width: 100%;\" controls=\"controls\"><source type=\"audio\/mpeg\" src=\"http:\/\/www.radioluna.it\/news\/wp-content\/uploads\/2018\/01\/I-NOSTRI-LIBRI-SPK.mp3?_=1\" \/><a href=\"http:\/\/www.radioluna.it\/news\/wp-content\/uploads\/2018\/01\/I-NOSTRI-LIBRI-SPK.mp3\">http:\/\/www.radioluna.it\/news\/wp-content\/uploads\/2018\/01\/I-NOSTRI-LIBRI-SPK.mp3<\/a><\/audio>\n<p style=\"text-align: justify;\"><strong>CHI E&#8217; L&#8217;AUTORE &#8211;<\/strong><\/p>\n<p style=\"text-align: justify;\"><strong>Il curatore:\u00a0<\/strong>\u00a0Vittorio Cotesta, \u00e8 nato nel 1944 a Roccagorga in provincia di Latina, vive attualmente nel capoluogo pontino. \u00c8 stato sindaco del suo paese natale dal 1975 al 1978. Ha studiato a Latina e si \u00e8 laureato in Sociologia nel 1969 presso l\u2019Universit\u00e0 di Roma La Sapienza.\u00a0Dal 1981 al 1992 \u00e8 stato ricercatore presso il Dipartimento di Sociologia dell\u2019Universit\u00e0 di Roma, La Sapienza. Come professore associato e poi come professore ordinario ha insegnato Sociologia presso l\u2019Universit\u00e0 di Salerno dal 1992 al 2005. Dal 2000 al 2004 \u00e8 stato Direttore del Dipartimento di Sociologia e scienza politica di questa Universit\u00e0. Nel 1994-1995 ha insegnato Sociologia pure all\u2019Istituto Orientale di Napoli. Dal 2005 fino al 2016 ha insegnato presso l\u2019Universit\u00e0 degli Studi Roma Tre. Qui ha diretto il Cires, Centro interdisciplinare di studi educativi e sociali; ha coordinato il dottorato in Servizio sociale e il dottorato il Teoria e Ricerca Educativa e Sociale Presso La Sapienza ha insegnato \u201cSociologia della conoscenza\u201d presso la facolt\u00e0 di Sociologia. Ha trascorso periodi di studio in Germania, negli Stati Uniti, in Inghilterra e in Francia. Ha partecipato a innumerevoli convegni in Italia e all\u2019estero. \u00c8 stato membro del direttivo dell\u2019Associazione Italiana di Sociologia, di cui ha coordinato la sezione Teorie sociologiche e trasformazioni sociali dal 2007 al 2013.<\/p>\n<p style=\"text-align: justify;\">Tra le sue principali pubblicazioni:\u00a0<em>Sociologia del mondo globale<\/em>, Roma-Bari, Laterza, 2004;<em>Lo straniero. Pluralismo culturale e immagini dell\u2019altro nella societ\u00e0 globale<\/em>, Roma-Bari, Laterza, 2002;\u00a0<em>Sociologia dei conflitti etnici<\/em>, Roma-Bari, Laterza, 1999;\u00a0<em>Verit\u00e0 e linguaggio. Studi di sociologia della conoscenza<\/em>, Roma, Armando editore, 1999;\u00a0<em>Noi e loro. Immigrazione e nuovi conflitti metropolitani<\/em>, Soveria Mannelli, Rubbettino editore, 1995;\u00a0<em>La cittadella assediata. Immigrazione e conflitti etnici in Italia<\/em>, Roma, Editori Riuniti, 1992;\u00a0<em>Modernit\u00e0 e tradizione. Integrazione sociale e identit\u00e0 culturale in una \u201ccitt\u00e0 nuova\u201d. Il caso di Latina<\/em>, Milano, Angeli, 1988 e 1989;\u00a0<em>Linguaggio, potere, individuo. Saggio su M. Foucault<\/em>, Bari, Dedalo, 1979.<\/p>\n<div><\/div>\n","protected":false},"excerpt":{"rendered":"<p>LATINA &#8211; Il 6 gennaio scorso a Roccagorga \u00e8 stato ricordato l&#8217;eccidio di alcuni contadini in particolare donne. Un evento storico che viene raccontato in un nuovo libro di Atlantide Editore, a cura di Vittorio Cotesta, professore e sociologo che Licia Pastore ha intervistato. Una nuova ricostruzione corale, curata da Vittorio Cotesta, del noto eccidio [&hellip;]<\/p>\n","protected":false},"author":60,"featured_media":0,"comment_status":"open","ping_status":"closed","sticky":false,"template":"","format":"standard","meta":{"footnotes":""},"categories":[2310,2424],"tags":[],"class_list":["post-215134","post","type-post","status-publish","format-standard","hentry","category-audio","category-i-nostri-libri"],"_links":{"self":[{"href":"https:\/\/www.radioluna.it\/news\/wp-json\/wp\/v2\/posts\/215134","targetHints":{"allow":["GET"]}}],"collection":[{"href":"https:\/\/www.radioluna.it\/news\/wp-json\/wp\/v2\/posts"}],"about":[{"href":"https:\/\/www.radioluna.it\/news\/wp-json\/wp\/v2\/types\/post"}],"author":[{"embeddable":true,"href":"https:\/\/www.radioluna.it\/news\/wp-json\/wp\/v2\/users\/60"}],"replies":[{"embeddable":true,"href":"https:\/\/www.radioluna.it\/news\/wp-json\/wp\/v2\/comments?post=215134"}],"version-history":[{"count":0,"href":"https:\/\/www.radioluna.it\/news\/wp-json\/wp\/v2\/posts\/215134\/revisions"}],"wp:attachment":[{"href":"https:\/\/www.radioluna.it\/news\/wp-json\/wp\/v2\/media?parent=215134"}],"wp:term":[{"taxonomy":"category","embeddable":true,"href":"https:\/\/www.radioluna.it\/news\/wp-json\/wp\/v2\/categories?post=215134"},{"taxonomy":"post_tag","embeddable":true,"href":"https:\/\/www.radioluna.it\/news\/wp-json\/wp\/v2\/tags?post=215134"}],"curies":[{"name":"wp","href":"https:\/\/api.w.org\/{rel}","templated":true}]}}