{"id":215545,"date":"2018-02-03T09:35:56","date_gmt":"2018-02-03T08:35:56","guid":{"rendered":"http:\/\/www.radioluna.it\/news\/?p=215545"},"modified":"2018-02-03T09:35:56","modified_gmt":"2018-02-03T08:35:56","slug":"class-action-contro-acqualatina-fissata-ludienza-per-lammissibilita","status":"publish","type":"post","link":"https:\/\/www.radioluna.it\/news\/2018\/02\/class-action-contro-acqualatina-fissata-ludienza-per-lammissibilita\/","title":{"rendered":"Class Action contro Acqualatina, fissata l&#8217;udienza per l&#8217;ammissibilit\u00e0"},"content":{"rendered":"<div id=\"fb-root\"><\/div>\n<p style=\"text-align: justify;\">Va avanti l&#8217;azione pioniera di un gruppo di avvocati pontini riuniti in Comitato contro la gestione dell&#8217;acqua nell&#8217;Ato4: &#8220;E&#8217; pessima&#8221;, sostengono dopo aver raccolto documenti e una sfilza di proteste da parte degli utenti. Se l&#8217;azione, partita dal Sud Pontino, potr\u00e0 proseguire sotto la forma di vera e propria class action, lo si scoprir\u00e0 presto, il prossimo 7 maggio data in cui si terr\u00e0 la prima udienza davanti al Tribunale di Roma per la valutazione della sua ammissibilit\u00e0.<\/p>\n<p style=\"text-align: justify;\"><strong>INVITO AI SINDACI DELL&#8217;ATO 4: ISPEZIONE<\/strong> &#8211; Intanto lo stesso\u00a0 Comitato invita i soci pubblici di Acqualatina, ovvero i sindaci di tutti i 35 comuni del&#8217;ambito territoriale\u00a0 (i 33 pontini, pi\u00f9 Nettuno e Vallecorsa) ad intraprendere &#8220;senza indugio nell&#8217;ambito dei propri poteri di controllo, l\u2019iter perch\u00e9 venga disposta una ispezione, ritenendo fondato il sospetto che siano state compiute gravi irregolarit\u00e0 nella gestione che possono anche arrecare danno alla societ\u00e0 stessa&#8221;.\u00a0Un&#8217;azione ulteriore rispetto a quella di classe e che pu\u00f2 essere proposta esclusivamente dai soci.<\/p>\n<p style=\"text-align: justify;\"><strong>GLI SCOPI DELLA CLASS ACTION<\/strong> &#8211; &#8220;La class action\u00a0 &#8211; spiegano i promotori\u00a0 &#8211;\u00a0 ha lo scopo di accertare le responsabilit\u00e0 del gestore e ottenere un risarcimento il pi\u00f9 equo possibile per il ristoro dei danni materiali e psicofisici subiti da tutta la popolazione&#8221;. Ma \u00e8 anche molto di pi\u00f9. Ha infatti lo scopo di ristabilire chi sia il vero centro di interessi: la societ\u00e0 partecipata, da sempre controllata dalla politica? Oppure i cittadini?<\/p>\n<p style=\"text-align: justify;\">Si vuole infatti &#8220;indurre il gestore a cambiare definitivamente rotta e\u00a0a porre al primo posto le esigenze primarie dei cittadini&#8221;,\u00a0 dicono i legali Massimo Clemente, Vincenzo Fontanarosa, Christian Lombardi, Patrizia Memanno, Orazio Picano, Chiara Sampresi e Annamaria Zarrelli, che hanno raccolto una copiosa documentazione e la perizia (gratuita) del professor Maurizio Barbieri, docente di Idrogeochimica presso il Dipartimento di Scienze della Terra dell\u2019Universit\u00e0 La Sapienza di Roma, &#8220;con l\u2019obiettivo\u00a0 di fornire al Tribunale, sin da subito, prove inoppugnabili della fondatezza della class action&#8221;.<\/p>\n<p style=\"text-align: justify;\">&#8220;Pur essendo un\u2019azione innovativa e complessa sotto il profilo oggettivo e soggettivo, confidiamo nell\u2019accoglimento della domanda per il valore educativo che da questa pu\u00f2 derivarne, al di l\u00e0 del risarcimento e delle restituzioni richieste, pur importanti. \u00c8 evidente infatti che qualunque risarcimento dovesse essere riconosciuto dal Tribunale, non potr\u00e0 mai ripagare gli utenti delle sofferenze patite (intere giornate senz&#8217;acqua in estate nel Sud Pontino, solo per fare un esempio, <em>ndr<\/em>) ma potr\u00e0 rappresentare solo simbolicamente il riconoscimento della lesione di un diritto costituzionalmente protetto&#8221;.<\/p>\n<p style=\"text-align: justify;\"><strong>CHI HA ADERITO\u00a0<\/strong>&#8211; Alla class action hanno aderito dieci comuni dell\u2019Ato4, con una percentuale pari al 40% di residenti formiani, un 30% di residenti gaetani, un 13% di residenti fondani, e, dato non trascurabile, il 7% di essi \u00e8 non residente ma proprietario di abitazione titolare di utenza in uno dei suddetti comuni.<\/p>\n<p style=\"text-align: justify;\">E da domani il Comitato Avvocati,\u00a0 inizier\u00e0 ad occuparsi della Class Action per conto gli utenti di Ventotene.<\/p>\n","protected":false},"excerpt":{"rendered":"<p>Va avanti l&#8217;azione pioniera di un gruppo di avvocati pontini riuniti in Comitato contro la gestione dell&#8217;acqua nell&#8217;Ato4: &#8220;E&#8217; pessima&#8221;, sostengono dopo aver raccolto documenti e una sfilza di proteste da parte degli utenti. Se l&#8217;azione, partita dal Sud Pontino, potr\u00e0 proseguire sotto la forma di vera e propria class action, lo si scoprir\u00e0 presto, [&hellip;]<\/p>\n","protected":false},"author":62,"featured_media":196452,"comment_status":"open","ping_status":"open","sticky":false,"template":"","format":"standard","meta":{"footnotes":""},"categories":[7],"tags":[],"class_list":["post-215545","post","type-post","status-publish","format-standard","has-post-thumbnail","hentry","category-cronaca"],"_links":{"self":[{"href":"https:\/\/www.radioluna.it\/news\/wp-json\/wp\/v2\/posts\/215545","targetHints":{"allow":["GET"]}}],"collection":[{"href":"https:\/\/www.radioluna.it\/news\/wp-json\/wp\/v2\/posts"}],"about":[{"href":"https:\/\/www.radioluna.it\/news\/wp-json\/wp\/v2\/types\/post"}],"author":[{"embeddable":true,"href":"https:\/\/www.radioluna.it\/news\/wp-json\/wp\/v2\/users\/62"}],"replies":[{"embeddable":true,"href":"https:\/\/www.radioluna.it\/news\/wp-json\/wp\/v2\/comments?post=215545"}],"version-history":[{"count":0,"href":"https:\/\/www.radioluna.it\/news\/wp-json\/wp\/v2\/posts\/215545\/revisions"}],"wp:featuredmedia":[{"embeddable":true,"href":"https:\/\/www.radioluna.it\/news\/wp-json\/wp\/v2\/media\/196452"}],"wp:attachment":[{"href":"https:\/\/www.radioluna.it\/news\/wp-json\/wp\/v2\/media?parent=215545"}],"wp:term":[{"taxonomy":"category","embeddable":true,"href":"https:\/\/www.radioluna.it\/news\/wp-json\/wp\/v2\/categories?post=215545"},{"taxonomy":"post_tag","embeddable":true,"href":"https:\/\/www.radioluna.it\/news\/wp-json\/wp\/v2\/tags?post=215545"}],"curies":[{"name":"wp","href":"https:\/\/api.w.org\/{rel}","templated":true}]}}