{"id":215671,"date":"2018-02-05T12:52:37","date_gmt":"2018-02-05T11:52:37","guid":{"rendered":"http:\/\/www.radioluna.it\/news\/?p=215671"},"modified":"2018-04-07T02:54:18","modified_gmt":"2018-04-07T00:54:18","slug":"celentano-da-medico-mi-battero-per-il-goretti","status":"publish","type":"post","link":"https:\/\/www.radioluna.it\/news\/2018\/02\/celentano-da-medico-mi-battero-per-il-goretti\/","title":{"rendered":"Celentano: &#8220;Da medico mi batter\u00f2 per il Goretti&#8221;"},"content":{"rendered":"<div id=\"fb-root\"><\/div>\n<p><strong>LATINA<\/strong> &#8211;\u00a0Ha preso ufficialmente il via in occasione della visita a Latina dell\u2019onorevole Giorgia Meloni, la corsa alle regionali di Matilde Celentano, dirigente medico alla ASL di\u00a0Latina e attualmente consigliere comunale, candidata alle elezioni regionali del Lazio con Fratelli D&#8217;Itala.<\/p>\n<p style=\"text-align: justify;\">\u201cSono orgogliosa di essere stata scelta dal partito come candidata alle prossime elezioni regionali per rappresentare la provincia di Latina \u2013 afferma Matilde Celentano \u2013 e sono orgogliosa soprattutto di fare parte di un partito come Fratelli d\u2019Italia che d\u00e0 grande spazio ed importanza alle donne. Ringrazio per la fiducia accordatami il coordinatore provinciale del partito Nicola Calandrini e soprattutto l\u2019On. Giorgia Meloni che spero vivamente possa diventare la prima Premier italiana donna. Con lei \u2013 aggiunge ancora la Celentano \u2013 condivido l\u2019intero programma elettorale specialmente i punti che riguardano la tutela della natalit\u00e0 in un Paese come l\u2019Italia a crescita zero e la tutela della vita dalla nascita all\u2019anzianit\u00e0, argomento di cui mi occupo ogni giorno grazie al mio lavoro come medico. Tra le priorit\u00e0 per la nostra provincia di cui mi far\u00f2 portavoce se eletta alla Regione \u2013 continua la candidata \u2013 anche la questione dell\u2019ospedale civile Santa Maria Goretti di Latina che necessit\u00e0 urgentemente di un rinnovato Pronto Soccorso per dare un servizio dignitoso ai cittadini che si rivolgono alla struttura ospedaliera e che oggi sono circa 1 milione, e i giovani che devono essere i protagonisti del nostro territorio e ai quali dobbiamo assicurare un futuro\u201d.<\/p>\n","protected":false},"excerpt":{"rendered":"<p>LATINA &#8211;\u00a0Ha preso ufficialmente il via in occasione della visita a Latina dell\u2019onorevole Giorgia Meloni, la corsa alle regionali di Matilde Celentano, dirigente medico alla ASL di\u00a0Latina e attualmente consigliere comunale, candidata alle elezioni regionali del Lazio con Fratelli D&#8217;Itala. \u201cSono orgogliosa di essere stata scelta dal partito come candidata alle prossime elezioni regionali per [&hellip;]<\/p>\n","protected":false},"author":60,"featured_media":215677,"comment_status":"open","ping_status":"open","sticky":false,"template":"","format":"standard","meta":{"footnotes":""},"categories":[8],"tags":[],"class_list":["post-215671","post","type-post","status-publish","format-standard","has-post-thumbnail","hentry","category-politica"],"_links":{"self":[{"href":"https:\/\/www.radioluna.it\/news\/wp-json\/wp\/v2\/posts\/215671","targetHints":{"allow":["GET"]}}],"collection":[{"href":"https:\/\/www.radioluna.it\/news\/wp-json\/wp\/v2\/posts"}],"about":[{"href":"https:\/\/www.radioluna.it\/news\/wp-json\/wp\/v2\/types\/post"}],"author":[{"embeddable":true,"href":"https:\/\/www.radioluna.it\/news\/wp-json\/wp\/v2\/users\/60"}],"replies":[{"embeddable":true,"href":"https:\/\/www.radioluna.it\/news\/wp-json\/wp\/v2\/comments?post=215671"}],"version-history":[{"count":0,"href":"https:\/\/www.radioluna.it\/news\/wp-json\/wp\/v2\/posts\/215671\/revisions"}],"wp:featuredmedia":[{"embeddable":true,"href":"https:\/\/www.radioluna.it\/news\/wp-json\/wp\/v2\/media\/215677"}],"wp:attachment":[{"href":"https:\/\/www.radioluna.it\/news\/wp-json\/wp\/v2\/media?parent=215671"}],"wp:term":[{"taxonomy":"category","embeddable":true,"href":"https:\/\/www.radioluna.it\/news\/wp-json\/wp\/v2\/categories?post=215671"},{"taxonomy":"post_tag","embeddable":true,"href":"https:\/\/www.radioluna.it\/news\/wp-json\/wp\/v2\/tags?post=215671"}],"curies":[{"name":"wp","href":"https:\/\/api.w.org\/{rel}","templated":true}]}}