{"id":215710,"date":"2018-02-05T15:49:57","date_gmt":"2018-02-05T14:49:57","guid":{"rendered":"http:\/\/www.radioluna.it\/news\/?p=215710"},"modified":"2018-02-05T16:18:05","modified_gmt":"2018-02-05T15:18:05","slug":"discarica-di-montello-il-comune-mai-piu-abbancamenti-di-rifiuti","status":"publish","type":"post","link":"https:\/\/www.radioluna.it\/news\/2018\/02\/discarica-di-montello-il-comune-mai-piu-abbancamenti-di-rifiuti\/","title":{"rendered":"Discarica di Montello, il Comune: &#8220;Mai pi\u00f9 abbancamenti di rifiuti&#8221;"},"content":{"rendered":"<div id=\"fb-root\"><\/div>\n<p style=\"text-align: justify;\"><strong>LATINA<\/strong> &#8211; &#8220;Non sar\u00e0 concesso alcun ulteriore abbancamento di rifiuti nella discarica di Borgo Montello&#8221;. In commissione ambiente riunita d&#8217;urgenza dopo che Indeco ha ottenuto l&#8217;estensione dell&#8217;Autorizzazione Integrata Ambientale, l&#8217;assessore Roberto Lessio chiarisce i termini della questione che ha gi\u00e0 messo in allarme i residenti: &#8220;E&#8217;\u00a0 un atto dovuto previsto dal d.lgs. 152\/2006 e riguarda ulteriori polizze fideiussorie che dovranno assicurare la copertura finanziaria dell\u2019attivit\u00e0 di post-gestione degli invasi. Non \u00e8 dunque previsto alcun ulteriore smaltimento di rifiuti sullo stesso sito\u00bb.<\/p>\n<p style=\"text-align: justify;\">L&#8217;autorizzazione era arrivata alcuni giorni fa dalla Regione alla Indeco mentre la Procura ha dissequestrato l&#8217;invaso 8 dopo aver verificato che fossero state adempiute le prescrizioni poste a tutela della salute pubblica.\u00a0 \u00abIl processo di bonifica dei siti non \u00e8 mai stato portato a termine &#8211; ha spiegato Lessio\u00a0 &#8211;\u00a0 gli impegni presi non sono stati rispettati, ad oggi \u00e8 impossibile dare concessioni per poter abbancare altri rifiuti\u00bb.<\/p>\n<p style=\"text-align: justify;\">L\u2019Assessore ha confermato la volont\u00e0 gi\u00e0 espressa nel primo anno di consiliatura di richiedere alla Regione Lazio un ristoro per la popolazione residente nei pressi della discarica che ha subito un deprezzamento del valore del proprio immobile e un peggioramento della qualit\u00e0 della vita.\u00a0 Un argomento che sar\u00e0 oggetto di una lettera da inviare in Regione, e di un prossimo consiglio comunale.<\/p>\n<p style=\"text-align: justify;\">\u00abInoltre \u2013 ha continuato Lessio &#8211; si ritiene indispensabile prevedere un ulteriore ristoro diretto e garantito da parte del governo regionale in riferimento alla gestione post mortem e al successivo ripristino dei siti oggetto di servit\u00f9 che ospitano e hanno ospitato discariche di rifiuti solidi urbani. Ci\u00f2 in relazione al fatto che spesso le societ\u00e0 destinatarie di questa componente della tariffa sono incorse e tutt\u2019oggi incorrono in procedure concorsuali o fallimentari, lasciando gli enti locali soli, con l\u2019obbligo di procedere alle bonifiche pur non avendo le risorse economiche a disposizione\u00bb.<\/p>\n<p style=\"text-align: justify;\">\n","protected":false},"excerpt":{"rendered":"<p>LATINA &#8211; &#8220;Non sar\u00e0 concesso alcun ulteriore abbancamento di rifiuti nella discarica di Borgo Montello&#8221;. In commissione ambiente riunita d&#8217;urgenza dopo che Indeco ha ottenuto l&#8217;estensione dell&#8217;Autorizzazione Integrata Ambientale, l&#8217;assessore Roberto Lessio chiarisce i termini della questione che ha gi\u00e0 messo in allarme i residenti: &#8220;E&#8217;\u00a0 un atto dovuto previsto dal d.lgs. 152\/2006 e riguarda [&hellip;]<\/p>\n","protected":false},"author":62,"featured_media":124284,"comment_status":"open","ping_status":"open","sticky":false,"template":"","format":"standard","meta":{"footnotes":""},"categories":[7],"tags":[],"class_list":["post-215710","post","type-post","status-publish","format-standard","has-post-thumbnail","hentry","category-cronaca"],"_links":{"self":[{"href":"https:\/\/www.radioluna.it\/news\/wp-json\/wp\/v2\/posts\/215710","targetHints":{"allow":["GET"]}}],"collection":[{"href":"https:\/\/www.radioluna.it\/news\/wp-json\/wp\/v2\/posts"}],"about":[{"href":"https:\/\/www.radioluna.it\/news\/wp-json\/wp\/v2\/types\/post"}],"author":[{"embeddable":true,"href":"https:\/\/www.radioluna.it\/news\/wp-json\/wp\/v2\/users\/62"}],"replies":[{"embeddable":true,"href":"https:\/\/www.radioluna.it\/news\/wp-json\/wp\/v2\/comments?post=215710"}],"version-history":[{"count":0,"href":"https:\/\/www.radioluna.it\/news\/wp-json\/wp\/v2\/posts\/215710\/revisions"}],"wp:featuredmedia":[{"embeddable":true,"href":"https:\/\/www.radioluna.it\/news\/wp-json\/wp\/v2\/media\/124284"}],"wp:attachment":[{"href":"https:\/\/www.radioluna.it\/news\/wp-json\/wp\/v2\/media?parent=215710"}],"wp:term":[{"taxonomy":"category","embeddable":true,"href":"https:\/\/www.radioluna.it\/news\/wp-json\/wp\/v2\/categories?post=215710"},{"taxonomy":"post_tag","embeddable":true,"href":"https:\/\/www.radioluna.it\/news\/wp-json\/wp\/v2\/tags?post=215710"}],"curies":[{"name":"wp","href":"https:\/\/api.w.org\/{rel}","templated":true}]}}