{"id":215901,"date":"2018-02-07T16:02:06","date_gmt":"2018-02-07T15:02:06","guid":{"rendered":"http:\/\/www.radioluna.it\/news\/?p=215901"},"modified":"2018-02-08T07:40:29","modified_gmt":"2018-02-08T06:40:29","slug":"materassi-e-altri-ingombranti-mai-piu-per-strada-lisola-ecologica-diventa-itinerante","status":"publish","type":"post","link":"https:\/\/www.radioluna.it\/news\/2018\/02\/materassi-e-altri-ingombranti-mai-piu-per-strada-lisola-ecologica-diventa-itinerante\/","title":{"rendered":"Materassi e altri ingombranti, mai pi\u00f9 per strada: l&#8217;isola ecologica diventa itinerante"},"content":{"rendered":"<div id=\"fb-root\"><\/div>\n<p style=\"text-align: justify;\"><strong>LATINA<\/strong> &#8211; La prima giornata sar\u00e0 sabato 10 febbraio, e poi il sabato dopo e quello successivo ancora. L&#8217;appuntamento \u00e8 quello con l&#8217;isola ecologica itinerante per consentire di gettare rifiuti ingombranti secondo un semplice calendario di cui baster\u00e0 prendere visione, evitando lo scempio della posa sul marciapiede.<\/p>\n<p style=\"text-align: justify;\">Ma la novit\u00e0 varata dalla Abc, la nuova azienda speciale per i rifiuti, in\u00a0 collaborazione con il Comune, non \u00e8 solo un servizio, \u00e8 educazione ad una gestione pi\u00f9 attenta dei rifiuti, con due obiettivi: &#8220;Ripristinare il decoro complessivo della citt\u00e0\u00a0 &#8211; hanno spiegato in una conferenza stampa il sindaco Coletta e l&#8217;assessore Lessio con i vertici di Abc Demetrio De Stefano e Michele Bernardini &#8211; e avviare una collaborazione fattiva tra Amministrazione, azienda e utenti&#8221;.<\/p>\n<p style=\"text-align: justify;\">Grandi rifiuti elettronici, elettrodomestici grandi e piccoli, caldaie e condizionatori, mobili, materassi, rubinetterie, materiali ferrosi (anche gli attrezzi ginnici come la cyclette o il tapis roulant), sanitari, olii vegetali e altri oggetti che siano arrivati a fine vita, spariranno cos\u00ec, non solo alla vista dei proprietari che se ne libereranno, ma anche da quella degli altri cittadini che spesso se li sono trovati piazzati sotto casa accanto al primo cassonetto: &#8220;Vogliamo\u00a0invertire la tendenza all\u2019abbandono indiscriminato su tutto il territorio comunale di questo tipo di rifiuti; cos\u00ec si offrir\u00e0 ai cittadini la possibilit\u00e0 di smaltire correttamente i rifiuti ingombranti in luoghi precisi, non lontano dalle proprie residenze e senza alcun costo di smaltimento per i conferitori&#8221;.<\/p>\n<p style=\"text-align: justify;\"><img loading=\"lazy\" decoding=\"async\" class=\"aligncenter size-full wp-image-215902\" src=\"http:\/\/www.radioluna.it\/news\/wp-content\/uploads\/2018\/02\/lisola-c\u00e8.jpg\" alt=\"\" width=\"662\" height=\"370\" srcset=\"https:\/\/www.radioluna.it\/news\/wp-content\/uploads\/2018\/02\/lisola-c\u00e8.jpg 662w, https:\/\/www.radioluna.it\/news\/wp-content\/uploads\/2018\/02\/lisola-c\u00e8-300x168.jpg 300w, https:\/\/www.radioluna.it\/news\/wp-content\/uploads\/2018\/02\/lisola-c\u00e8-500x279.jpg 500w\" sizes=\"auto, (max-width: 662px) 100vw, 662px\" \/>Durante la raccolta (dalle 8 alle 17,30) gli operatori ecologici di\u00a0 ABC aiuteranno i cittadini a posizionare i materiali in cassoni che saranno poi\u00a0 ritirati a fine giornata e trasportati presso la sede dell\u2019Azienda, da dove, dopo un\u2019ulteriore selezione, prenderanno la via definitiva del trattamento, se riciclabili, o dello smaltimento presso le apposite strutture, nel caso in cui non lo siano.<\/p>\n<p style=\"text-align: justify;\">Attualmente infatti (anche se alcuni cittadini non ne tengono minimamente conto) funziona solo uno dei quattro centri comunali di raccolta, quello di Via Bassianese. Le altre isole ecologiche sono ferme e si sono trasformate con il tempo in minidiscariche. &#8220;Entro marzo \u00e8 previsto\u00a0 &#8211; spiegano in una nota dal Comune &#8211; l\u2019avvio del nuovo Centro di Raccolta di Via Massaro a\u00a0 Latina Lido, mentre per rimettere in moto quelli di Via delle Congiunte Destre alla Chiesuola e di Latina Scalo sono in corso di definizione finanziamenti da parte della Provincia di Latina e della Regione Lazio&#8221;. Il calendario di raccolta degli ingombranti quindi verr\u00e0 adeguato in futuro anche in base all\u2019entrata in funzione delle nuove isole.<\/p>\n<p>L&#8217;arrivo dell&#8217;isola ecologica itinerante sar\u00e0 preceduto dalla diffusione di materiale informativo. Ecco il calendario:<\/p>\n<p><img loading=\"lazy\" decoding=\"async\" class=\"aligncenter size-full wp-image-215903\" src=\"http:\/\/www.radioluna.it\/news\/wp-content\/uploads\/2018\/02\/calendario-isole-ecologiche.jpg\" alt=\"\" width=\"984\" height=\"581\" srcset=\"https:\/\/www.radioluna.it\/news\/wp-content\/uploads\/2018\/02\/calendario-isole-ecologiche.jpg 984w, https:\/\/www.radioluna.it\/news\/wp-content\/uploads\/2018\/02\/calendario-isole-ecologiche-300x177.jpg 300w, https:\/\/www.radioluna.it\/news\/wp-content\/uploads\/2018\/02\/calendario-isole-ecologiche-768x453.jpg 768w, https:\/\/www.radioluna.it\/news\/wp-content\/uploads\/2018\/02\/calendario-isole-ecologiche-500x295.jpg 500w\" sizes=\"auto, (max-width: 984px) 100vw, 984px\" \/><\/p>\n","protected":false},"excerpt":{"rendered":"<p>LATINA &#8211; La prima giornata sar\u00e0 sabato 10 febbraio, e poi il sabato dopo e quello successivo ancora. L&#8217;appuntamento \u00e8 quello con l&#8217;isola ecologica itinerante per consentire di gettare rifiuti ingombranti secondo un semplice calendario di cui baster\u00e0 prendere visione, evitando lo scempio della posa sul marciapiede. Ma la novit\u00e0 varata dalla Abc, la nuova [&hellip;]<\/p>\n","protected":false},"author":62,"featured_media":215904,"comment_status":"open","ping_status":"open","sticky":false,"template":"","format":"standard","meta":{"footnotes":""},"categories":[7],"tags":[],"class_list":["post-215901","post","type-post","status-publish","format-standard","has-post-thumbnail","hentry","category-cronaca"],"_links":{"self":[{"href":"https:\/\/www.radioluna.it\/news\/wp-json\/wp\/v2\/posts\/215901","targetHints":{"allow":["GET"]}}],"collection":[{"href":"https:\/\/www.radioluna.it\/news\/wp-json\/wp\/v2\/posts"}],"about":[{"href":"https:\/\/www.radioluna.it\/news\/wp-json\/wp\/v2\/types\/post"}],"author":[{"embeddable":true,"href":"https:\/\/www.radioluna.it\/news\/wp-json\/wp\/v2\/users\/62"}],"replies":[{"embeddable":true,"href":"https:\/\/www.radioluna.it\/news\/wp-json\/wp\/v2\/comments?post=215901"}],"version-history":[{"count":0,"href":"https:\/\/www.radioluna.it\/news\/wp-json\/wp\/v2\/posts\/215901\/revisions"}],"wp:featuredmedia":[{"embeddable":true,"href":"https:\/\/www.radioluna.it\/news\/wp-json\/wp\/v2\/media\/215904"}],"wp:attachment":[{"href":"https:\/\/www.radioluna.it\/news\/wp-json\/wp\/v2\/media?parent=215901"}],"wp:term":[{"taxonomy":"category","embeddable":true,"href":"https:\/\/www.radioluna.it\/news\/wp-json\/wp\/v2\/categories?post=215901"},{"taxonomy":"post_tag","embeddable":true,"href":"https:\/\/www.radioluna.it\/news\/wp-json\/wp\/v2\/tags?post=215901"}],"curies":[{"name":"wp","href":"https:\/\/api.w.org\/{rel}","templated":true}]}}