{"id":215906,"date":"2018-02-07T16:22:24","date_gmt":"2018-02-07T15:22:24","guid":{"rendered":"http:\/\/www.radioluna.it\/news\/?p=215906"},"modified":"2018-02-07T16:26:07","modified_gmt":"2018-02-07T15:26:07","slug":"bullismo-il-vescovo-crociata-ai-ragazzi-trasformate-rabbia-e-paura-in-energia-positiva","status":"publish","type":"post","link":"https:\/\/www.radioluna.it\/news\/2018\/02\/bullismo-il-vescovo-crociata-ai-ragazzi-trasformate-rabbia-e-paura-in-energia-positiva\/","title":{"rendered":"Bullismo, il vescovo Crociata ai ragazzi: &#8220;Trasformate rabbia e paura in energia positiva&#8221;."},"content":{"rendered":"<div id=\"fb-root\"><\/div>\n<p style=\"text-align: justify;\"><strong>LATINA<\/strong> &#8211;\u00a0 &#8220;Quando si parla di bullismo significa parlare anche di\u00a0adulti che commettono errori\u00a0oppure di fenomeni della comunicazione che mettono in circolo pensieri e atteggiamenti che si scaricano sui ragazzi&#8221;. Lo ha detto agli alunni della Frezzotti Corradini questa mattina il vescovo di Latina Mariano Crociata intervenuto alla\u00a0 II\u00a0Giornata nazionale contro il bullismo e il cyberbullismo nella scuola media impegnata nella campagna \u201cIo non ci sto pi\u00f9\u201d.<\/p>\n<p style=\"text-align: justify;\">Nell&#8217;istituto guidato da Roberta Venditti, la prevenzione del bullismo \u00e8 parte integrante del lavoro tanto da aver conquistato il ruolo di Centro Territoriale di Supporto alle Nuove tecnologie e disabilit\u00e0, con funzioni di supporto anche alle altre scuole della provincia di Latina nell&#8217;ambito di uno specifico programma del\u00a0Ministero dell&#8217;Istruzione.<\/p>\n<p style=\"text-align: justify;\">Continuando a dialogare con gli studenti, monsignor Crociata si \u00e8 chiesto quale sia la via per affrontare questo problema. \u00abIo ne vedo una in particolare &#8211; ha continuato il Vescovo \u2013 e parto dalla\u00a0vostra difficolt\u00e0 di dover comunicare\u00a0a qualcun altro che vi aiuti a capire ci\u00f2 che avete dentro. Soprattutto due sentimenti che possono trovare posto nel vostro cuore. Il primo \u00e8 quello della\u00a0rabbia\u00a0che si pu\u00f2 accumulare per tante cose che non vanno. Il secondo \u00e8 la\u00a0paura\u00a0di fronte a cose che non vanno, di non riuscire, di fronte alle attese. Sono due sentimenti che portano ad avere atteggiamenti non sempre equilibrati o corretti. Ecco, secondo me bisogna imparare a riconoscere questi sentimenti, a capirli, a saper trasformarli in energia positiva. Per esempio, la rabbia diventa volont\u00e0 per superare le difficolt\u00e0; la paura, esercizio per conquistare il coraggio di affrontare gli impegni e le sfide della vita. Per fare questo abbiamo bisogno di esprimerci a parole, imparare a raccontare e per questo c&#8217;\u00e8 bisogno delle persone giuste che abbiano la volont\u00e0 e capacit\u00e0 di ascoltarci. Quello che ci fa male a volte \u00e8 tenere dentro noi pesi troppi grandi. Come ci sono adulti sbagliati per\u00f2 ci sono adulti che ci aiutano a crescere, a capirci a ritrovare la forza per incanalare le nostre energie e ritrovate la giusta fiducia in noi stessi&#8221;.<\/p>\n<p style=\"text-align: justify;\">PLAUSO A SIRIA E ALESSANDRO &#8211; Crociata si \u00e8 complimentato con Siria e Alessandro autori della canzone Io non ci sto pi\u00f9 dedicata al bullismo: &#8220;Anche la creativit\u00e0 \u00e8 uno dei modi per esprimere se stessi, come hanno fatto i vostri compagni di classe Siria e Alessandro componendo la canzone che \u00e8 anche il titolo di questa giornata&#8221;.<\/p>\n","protected":false},"excerpt":{"rendered":"<p>LATINA &#8211;\u00a0 &#8220;Quando si parla di bullismo significa parlare anche di\u00a0adulti che commettono errori\u00a0oppure di fenomeni della comunicazione che mettono in circolo pensieri e atteggiamenti che si scaricano sui ragazzi&#8221;. Lo ha detto agli alunni della Frezzotti Corradini questa mattina il vescovo di Latina Mariano Crociata intervenuto alla\u00a0 II\u00a0Giornata nazionale contro il bullismo e il [&hellip;]<\/p>\n","protected":false},"author":62,"featured_media":188610,"comment_status":"open","ping_status":"open","sticky":false,"template":"","format":"standard","meta":{"footnotes":""},"categories":[7],"tags":[],"class_list":["post-215906","post","type-post","status-publish","format-standard","has-post-thumbnail","hentry","category-cronaca"],"_links":{"self":[{"href":"https:\/\/www.radioluna.it\/news\/wp-json\/wp\/v2\/posts\/215906","targetHints":{"allow":["GET"]}}],"collection":[{"href":"https:\/\/www.radioluna.it\/news\/wp-json\/wp\/v2\/posts"}],"about":[{"href":"https:\/\/www.radioluna.it\/news\/wp-json\/wp\/v2\/types\/post"}],"author":[{"embeddable":true,"href":"https:\/\/www.radioluna.it\/news\/wp-json\/wp\/v2\/users\/62"}],"replies":[{"embeddable":true,"href":"https:\/\/www.radioluna.it\/news\/wp-json\/wp\/v2\/comments?post=215906"}],"version-history":[{"count":0,"href":"https:\/\/www.radioluna.it\/news\/wp-json\/wp\/v2\/posts\/215906\/revisions"}],"wp:featuredmedia":[{"embeddable":true,"href":"https:\/\/www.radioluna.it\/news\/wp-json\/wp\/v2\/media\/188610"}],"wp:attachment":[{"href":"https:\/\/www.radioluna.it\/news\/wp-json\/wp\/v2\/media?parent=215906"}],"wp:term":[{"taxonomy":"category","embeddable":true,"href":"https:\/\/www.radioluna.it\/news\/wp-json\/wp\/v2\/categories?post=215906"},{"taxonomy":"post_tag","embeddable":true,"href":"https:\/\/www.radioluna.it\/news\/wp-json\/wp\/v2\/tags?post=215906"}],"curies":[{"name":"wp","href":"https:\/\/api.w.org\/{rel}","templated":true}]}}