{"id":215939,"date":"2018-02-08T01:28:48","date_gmt":"2018-02-08T00:28:48","guid":{"rendered":"http:\/\/www.radioluna.it\/news\/?p=215939"},"modified":"2018-02-08T06:31:14","modified_gmt":"2018-02-08T05:31:14","slug":"aggressione-al-carrefour-ciaravino-si-difende-dal-gip","status":"publish","type":"post","link":"https:\/\/www.radioluna.it\/news\/2018\/02\/aggressione-al-carrefour-ciaravino-si-difende-dal-gip\/","title":{"rendered":"Aggressione al Carrefour, Ciaravino si difende dal gip"},"content":{"rendered":"<div id=\"fb-root\"><\/div>\n<p style=\"text-align: justify;\"><strong>LATINA &#8211;\u00a0<\/strong>E&#8217; stato interrogato ieri dal giudice del Tribunale di Latina Pierpaolo Bortone, Matteo Ciaravino il 29 enne di Latina accusato di aver aggredito insieme ad un giovane di 26 anni, un addetto alla sicurezza del supermercato Carrefour al Piccarello a Latina. Durante l&#8217;interrogatorio ha spiegato di non aver colpito l&#8217;uomo che senza motivo ha iniziato a seguirlo e che insieme alle altre due persone, tra cui Valentina Ciarelli che si trova agli arresti domiciliari e che si \u00e8 avvalsa della facolt\u00e0 di non rispondere, non hanno rubato nulla. La difesa di Ciaravino ha chiesto gli arresti domiciliari e il giudice dovr\u00e0 decidere.<\/p>\n<div class=\"radio-posizionamento-telefono-in-articoli-dopo-il-contenuto-articolo radio-entity-placement\" id=\"radio-1458844184\"><div id=\"radio-3313522230\"><a href=\"https:\/\/www.simeoneceramiche.com\/\" aria-label=\"SIMEONE CERAMICHE GIF animata per radioluna_Tavola disegno 1 copia 2 (online-video-cutter.com)\"><img loading=\"lazy\" decoding=\"async\" src=\"https:\/\/www.radioluna.it\/news\/wp-content\/uploads\/2025\/05\/SIMEONE-CERAMICHE-GIF-animata-per-radioluna_Tavola-disegno-1-copia-2-online-video-cutter.com_.gif\" alt=\"\"  width=\"300\" height=\"250\"   \/><\/a><\/div><\/div>","protected":false},"excerpt":{"rendered":"<p>LATINA &#8211;\u00a0E&#8217; stato interrogato ieri dal giudice del Tribunale di Latina Pierpaolo Bortone, Matteo Ciaravino il 29 enne di Latina accusato di aver aggredito insieme ad un giovane di 26 anni, un addetto alla sicurezza del supermercato Carrefour al Piccarello a Latina. Durante l&#8217;interrogatorio ha spiegato di non aver colpito l&#8217;uomo che senza motivo ha [&hellip;]<\/p>\n","protected":false},"author":60,"featured_media":215299,"comment_status":"open","ping_status":"open","sticky":false,"template":"","format":"standard","meta":{"footnotes":""},"categories":[7],"tags":[],"class_list":["post-215939","post","type-post","status-publish","format-standard","has-post-thumbnail","hentry","category-cronaca"],"_links":{"self":[{"href":"https:\/\/www.radioluna.it\/news\/wp-json\/wp\/v2\/posts\/215939","targetHints":{"allow":["GET"]}}],"collection":[{"href":"https:\/\/www.radioluna.it\/news\/wp-json\/wp\/v2\/posts"}],"about":[{"href":"https:\/\/www.radioluna.it\/news\/wp-json\/wp\/v2\/types\/post"}],"author":[{"embeddable":true,"href":"https:\/\/www.radioluna.it\/news\/wp-json\/wp\/v2\/users\/60"}],"replies":[{"embeddable":true,"href":"https:\/\/www.radioluna.it\/news\/wp-json\/wp\/v2\/comments?post=215939"}],"version-history":[{"count":0,"href":"https:\/\/www.radioluna.it\/news\/wp-json\/wp\/v2\/posts\/215939\/revisions"}],"wp:featuredmedia":[{"embeddable":true,"href":"https:\/\/www.radioluna.it\/news\/wp-json\/wp\/v2\/media\/215299"}],"wp:attachment":[{"href":"https:\/\/www.radioluna.it\/news\/wp-json\/wp\/v2\/media?parent=215939"}],"wp:term":[{"taxonomy":"category","embeddable":true,"href":"https:\/\/www.radioluna.it\/news\/wp-json\/wp\/v2\/categories?post=215939"},{"taxonomy":"post_tag","embeddable":true,"href":"https:\/\/www.radioluna.it\/news\/wp-json\/wp\/v2\/tags?post=215939"}],"curies":[{"name":"wp","href":"https:\/\/api.w.org\/{rel}","templated":true}]}}