{"id":215983,"date":"2018-02-08T12:54:01","date_gmt":"2018-02-08T11:54:01","guid":{"rendered":"http:\/\/www.radioluna.it\/news\/?p=215983"},"modified":"2018-02-08T12:54:01","modified_gmt":"2018-02-08T11:54:01","slug":"giovanna-miele-uniti-e-compatti-verso-il-4-marzo","status":"publish","type":"post","link":"https:\/\/www.radioluna.it\/news\/2018\/02\/giovanna-miele-uniti-e-compatti-verso-il-4-marzo\/","title":{"rendered":"Giovanna Miele: &#8220;Uniti e compatti verso il 4 marzo&#8221;"},"content":{"rendered":"<div id=\"fb-root\"><\/div>\n<p style=\"text-align: justify;\"><strong>LATINA<\/strong> &#8211;\u00a0 Dopo l&#8217;addio di Armando Cusani che con Forza Italia \u00e8 stato vent&#8217;anni, il partito si dice pi\u00f9 unito che mai. A prendere la parola per chiarire \u00e8 la candidata di Latina al consiglio regionale del Lazio, Giovanna Miele: &#8220;Forza Italia \u00e8 pi\u00f9 unita che mai\u00a0 &#8211; dice &#8211; ed \u00e8\u00a0 impegnata nel percorso verso il 4 marzo, perch\u00e9 crediamo che la Regione Lazio e l&#8217;Italia intera debbano tornare ad essere guidate da Stefano Parisi e dal centrodestra. In questo momento e per tutti i giorni che seguiranno fino alla data del voto, ciascuno di noi \u00e8 attivo sul territorio, come abbiamo sempre fatto, ascoltando abitanti, commercianti, imprenditori e residenti che vogliamo rappresentare\u00a0a tutti i livelli nelle istituzioni&#8221;.<\/p>\n<p style=\"text-align: justify;\">&#8220;Questi gli obiettivi che ci siamo posti e per il quale ci stiamo muovendo compatti &#8211; elenca la candidata che \u00e8 anche consigliera comunale a Latina &#8211;\u00a0Il 4 marzo deve essere un giorno di svolta, possiamo riprenderci la Regione Lazio e restituirla ai legittimi proprietari, gli elettori, che chiedono un cambio radicale rispetto alla disastrosa gestione dell&#8217;amministrazione Zingaretti. Un fallimento certificato dalla sanit\u00e0, con gli ospedali tutti sull\u2019orlo del collasso, nessuno escluso, e Latina in particolare, a causa di una gestione scellerata che ha visto chiudere i presidi territoriali e l\u2019utenza di una intera provincia costretta a confluire sul Goretti. L\u2019inerzia di Nicola Zingaretti \u00e8 testimoniata dalla mancanza di un piano rifiuti, cinque anni buttati senza produrre nulla. Per la Regione Lazio noi sogniamo e vogliamo realizzare un rilancio economico che parta dalla valorizzazione delle risorse di cui dispone il territorio a partire dalle coste dove \u00e8 necessario provvedere al ripascimento. Il 4 marzo ci riprenderemo anche il governo nazionale. Lo faremo grazie ad un programma con cui Forza Italia si presenta agli elettori, che \u00e8 chiaro e condensato in dieci punti. Al centro ci sono: crescita, sicurezza, famiglie e piena occupazione. Quindi meno tasse, meno stato, meno vincoli dall\u2019Europa, contrasto all\u2019immigrazione clandestina e lotta al terrorismo, assistenza ai bisognosi a partire dagli invalidi e da chi usufruisce delle pensioni minime e sostegno alle politiche familiari. Ecco, a noi interessa questo, vincere, governare in modo stabile e cambiare questo territorio, vincere anche le elezioni politiche e creare una filiera tra Regione e Parlamento. Un filiera che deve necessariamente proseguire anche negli enti locali, quelli che gi\u00e0 amministriamo e quelli che amministreremo nei prossimi anni&#8221;.<\/p>\n","protected":false},"excerpt":{"rendered":"<p>LATINA &#8211;\u00a0 Dopo l&#8217;addio di Armando Cusani che con Forza Italia \u00e8 stato vent&#8217;anni, il partito si dice pi\u00f9 unito che mai. A prendere la parola per chiarire \u00e8 la candidata di Latina al consiglio regionale del Lazio, Giovanna Miele: &#8220;Forza Italia \u00e8 pi\u00f9 unita che mai\u00a0 &#8211; dice &#8211; ed \u00e8\u00a0 impegnata nel percorso [&hellip;]<\/p>\n","protected":false},"author":60,"featured_media":178907,"comment_status":"open","ping_status":"open","sticky":false,"template":"","format":"standard","meta":{"footnotes":""},"categories":[8],"tags":[],"class_list":["post-215983","post","type-post","status-publish","format-standard","has-post-thumbnail","hentry","category-politica"],"_links":{"self":[{"href":"https:\/\/www.radioluna.it\/news\/wp-json\/wp\/v2\/posts\/215983","targetHints":{"allow":["GET"]}}],"collection":[{"href":"https:\/\/www.radioluna.it\/news\/wp-json\/wp\/v2\/posts"}],"about":[{"href":"https:\/\/www.radioluna.it\/news\/wp-json\/wp\/v2\/types\/post"}],"author":[{"embeddable":true,"href":"https:\/\/www.radioluna.it\/news\/wp-json\/wp\/v2\/users\/60"}],"replies":[{"embeddable":true,"href":"https:\/\/www.radioluna.it\/news\/wp-json\/wp\/v2\/comments?post=215983"}],"version-history":[{"count":0,"href":"https:\/\/www.radioluna.it\/news\/wp-json\/wp\/v2\/posts\/215983\/revisions"}],"wp:featuredmedia":[{"embeddable":true,"href":"https:\/\/www.radioluna.it\/news\/wp-json\/wp\/v2\/media\/178907"}],"wp:attachment":[{"href":"https:\/\/www.radioluna.it\/news\/wp-json\/wp\/v2\/media?parent=215983"}],"wp:term":[{"taxonomy":"category","embeddable":true,"href":"https:\/\/www.radioluna.it\/news\/wp-json\/wp\/v2\/categories?post=215983"},{"taxonomy":"post_tag","embeddable":true,"href":"https:\/\/www.radioluna.it\/news\/wp-json\/wp\/v2\/tags?post=215983"}],"curies":[{"name":"wp","href":"https:\/\/api.w.org\/{rel}","templated":true}]}}