{"id":216041,"date":"2018-02-09T10:07:19","date_gmt":"2018-02-09T09:07:19","guid":{"rendered":"http:\/\/www.radioluna.it\/news\/?p=216041"},"modified":"2018-02-14T04:06:26","modified_gmt":"2018-02-14T03:06:26","slug":"in-portogallo-e-a-latina-ecco-gli-stage-per-quattro-ragazzi-a-sviluppo-atipico","status":"publish","type":"post","link":"https:\/\/www.radioluna.it\/news\/2018\/02\/in-portogallo-e-a-latina-ecco-gli-stage-per-quattro-ragazzi-a-sviluppo-atipico\/","title":{"rendered":"In Portogallo e a Latina: arrivano gli stage per quattro ragazzi a sviluppo atipico"},"content":{"rendered":"<div id=\"fb-root\"><\/div>\n<p style=\"text-align: justify;\"><strong>LATINA<\/strong> &#8211; Lorenzo e Valerio\u00a0 sono volati in Portogallo per uno stage di tre settimane, mentre Francesca e Andrea lavoreranno per 12 mesi a Latina. &#8220;Sono\u00a0 i passi da gigante che la nostra sezione di Latina sta compiendo nonostante le difficolt\u00e0. Ma non ci si arrende&#8221;,\u00a0\u00a0dicono dall\u2019Associazione Italiana Persone Down che ha all&#8217;attivo gi\u00e0 due stage lavorativi in Spagna nella primavera del 2016 e altri due nel 2017.<\/p>\n<p style=\"text-align: justify;\">&#8220;I nostri ragazzi hanno ottenuto un inserimento lavorativo presso una catena di supermercati, inoltre, grazie alla collaborazione con l\u2019 AIPD Nazionale, hanno avviato stage e tirocini lavorativi&#8221;, racconta la presidente Samantha Meini. &#8211; E ora si sta programmando l\u2019avvio del progetto Residenzialit\u00e0 ovvero la possibilit\u00e0 per gli adulti di andare a vivere da soli. Non siamo utopici nelle nostre iniziative, ma ambiziosi perch\u00e9 crediamo nei nostri ragazzi. Le nostre attivit\u00e0, per\u00f2, garantiscono solo una parte delle opportunit\u00e0 che possiamo loro offrire, ma molto pu\u00f2 essere loro assicurato grazie anche alla collaborazione con le altre Associazioni e partner presenti nel territorio comunale\u201d.<\/p>\n<p style=\"text-align: justify;\">L&#8217;associazione nata a dicembre del 2013 da un gruppo di genitori per offrire\u00a0 opportunit\u00e0 ai propri figli, consapevoli delle potenzialit\u00e0 possedute dai giovani affetti dalla Sindrome di Down,\u00a0 ha attivato nel tempo i primi percorsi all\u2019autonomia: Merendiamo, fino agli 8 anni; Esploratori dai 9 anni ai 13 anni; Club, dai 14 anni ai 18 anni; e l\u2019Atl\u2019 dai 18 anni in poi.<\/p>\n<div class=\"radio-posizionamento-telefono-in-articoli-dopo-il-contenuto-articolo radio-entity-placement\" id=\"radio-434808991\"><div id=\"radio-3915411469\"><a href=\"https:\/\/www.simeoneceramiche.com\/\" aria-label=\"SIMEONE CERAMICHE GIF animata per radioluna_Tavola disegno 1 copia 2 (online-video-cutter.com)\"><img loading=\"lazy\" decoding=\"async\" src=\"https:\/\/www.radioluna.it\/news\/wp-content\/uploads\/2025\/05\/SIMEONE-CERAMICHE-GIF-animata-per-radioluna_Tavola-disegno-1-copia-2-online-video-cutter.com_.gif\" alt=\"\"  width=\"300\" height=\"250\"   \/><\/a><\/div><\/div>","protected":false},"excerpt":{"rendered":"<p>LATINA &#8211; Lorenzo e Valerio\u00a0 sono volati in Portogallo per uno stage di tre settimane, mentre Francesca e Andrea lavoreranno per 12 mesi a Latina. &#8220;Sono\u00a0 i passi da gigante che la nostra sezione di Latina sta compiendo nonostante le difficolt\u00e0. Ma non ci si arrende&#8221;,\u00a0\u00a0dicono dall\u2019Associazione Italiana Persone Down che ha all&#8217;attivo gi\u00e0 due [&hellip;]<\/p>\n","protected":false},"author":62,"featured_media":216042,"comment_status":"open","ping_status":"open","sticky":false,"template":"","format":"standard","meta":{"footnotes":""},"categories":[7],"tags":[],"class_list":["post-216041","post","type-post","status-publish","format-standard","has-post-thumbnail","hentry","category-cronaca"],"_links":{"self":[{"href":"https:\/\/www.radioluna.it\/news\/wp-json\/wp\/v2\/posts\/216041","targetHints":{"allow":["GET"]}}],"collection":[{"href":"https:\/\/www.radioluna.it\/news\/wp-json\/wp\/v2\/posts"}],"about":[{"href":"https:\/\/www.radioluna.it\/news\/wp-json\/wp\/v2\/types\/post"}],"author":[{"embeddable":true,"href":"https:\/\/www.radioluna.it\/news\/wp-json\/wp\/v2\/users\/62"}],"replies":[{"embeddable":true,"href":"https:\/\/www.radioluna.it\/news\/wp-json\/wp\/v2\/comments?post=216041"}],"version-history":[{"count":0,"href":"https:\/\/www.radioluna.it\/news\/wp-json\/wp\/v2\/posts\/216041\/revisions"}],"wp:featuredmedia":[{"embeddable":true,"href":"https:\/\/www.radioluna.it\/news\/wp-json\/wp\/v2\/media\/216042"}],"wp:attachment":[{"href":"https:\/\/www.radioluna.it\/news\/wp-json\/wp\/v2\/media?parent=216041"}],"wp:term":[{"taxonomy":"category","embeddable":true,"href":"https:\/\/www.radioluna.it\/news\/wp-json\/wp\/v2\/categories?post=216041"},{"taxonomy":"post_tag","embeddable":true,"href":"https:\/\/www.radioluna.it\/news\/wp-json\/wp\/v2\/tags?post=216041"}],"curies":[{"name":"wp","href":"https:\/\/api.w.org\/{rel}","templated":true}]}}